{"id":161461,"date":"2023-02-02T00:04:19","date_gmt":"2023-02-02T00:04:19","guid":{"rendered":"http:\/\/radiofenix.com.ar\/legisladores-y-asociaciones-argumentaran-sobre-pedidos-de-juicio-politico-contra-la-corte\/"},"modified":"2023-02-02T00:04:19","modified_gmt":"2023-02-02T00:04:19","slug":"legisladores-y-asociaciones-argumentaran-sobre-pedidos-de-juicio-politico-contra-la-corte","status":"publish","type":"post","link":"https:\/\/radiofenix.com.ar\/2023\/legisladores-y-asociaciones-argumentaran-sobre-pedidos-de-juicio-politico-contra-la-corte\/","title":{"rendered":"Legisladores y asociaciones argumentar\u00e1n sobre pedidos de juicio pol\u00edtico contra la Corte"},"content":{"rendered":"<p>Participar\u00e1n este jueves de la segunda reuni\u00f3n de la comisi\u00f3n, presidida por la diputada del FdT Carolina Gaillard, para tratar los 14 expedientes presentados en la C\u00e1mara de Diputados que contienen m\u00e1s 60 acusaciones contra los miembros del alto tribunal.Participar\u00e1n este jueves de la segunda reuni\u00f3n de la comisi\u00f3n, presidida por la diputada del FdT Carolina Gaillard, para tratar los 14 expedientes presentados en la C\u00e1mara de Diputados que contienen m\u00e1s 60 acusaciones contra los miembros del alto tribunal.<\/p>\n","protected":false},"excerpt":{"rendered":"<p>Participar\u00e1n este jueves de la segunda reuni\u00f3n de la comisi\u00f3n, presidida por la diputada del&#8230;<\/p>\n","protected":false},"author":2,"featured_media":161462,"comment_status":"open","ping_status":"open","sticky":false,"template":"","format":"standard","meta":{"footnotes":""},"categories":[2],"tags":[],"class_list":["post-161461","post","type-post","status-publish","format-standard","has-post-thumbnail","hentry","category-politica"],"featured_image_urls":{"full":"","thumbnail":"","medium":"","medium_large":"","large":"","1536x1536":"","2048x2048":"","newsium-slider-full":"","newsium-featured":"","newsium-medium":""},"author_info":{"info":["c1500921"]},"category_info":"<a href=\"https:\/\/radiofenix.com.ar\/2023\/category\/politica\/\" rel=\"category tag\">Pol\u00edtica<\/a>","tag_info":"Pol\u00edtica","comment_count":"0","_links":{"self":[{"href":"https:\/\/radiofenix.com.ar\/2023\/wp-json\/wp\/v2\/posts\/161461","targetHints":{"allow":["GET"]}}],"collection":[{"href":"https:\/\/radiofenix.com.ar\/2023\/wp-json\/wp\/v2\/posts"}],"about":[{"href":"https:\/\/radiofenix.com.ar\/2023\/wp-json\/wp\/v2\/types\/post"}],"author":[{"embeddable":true,"href":"https:\/\/radiofenix.com.ar\/2023\/wp-json\/wp\/v2\/users\/2"}],"replies":[{"embeddable":true,"href":"https:\/\/radiofenix.com.ar\/2023\/wp-json\/wp\/v2\/comments?post=161461"}],"version-history":[{"count":0,"href":"https:\/\/radiofenix.com.ar\/2023\/wp-json\/wp\/v2\/posts\/161461\/revisions"}],"wp:featuredmedia":[{"embeddable":true,"href":"https:\/\/radiofenix.com.ar\/2023\/wp-json\/"}],"wp:attachment":[{"href":"https:\/\/radiofenix.com.ar\/2023\/wp-json\/wp\/v2\/media?parent=161461"}],"wp:term":[{"taxonomy":"category","embeddable":true,"href":"https:\/\/radiofenix.com.ar\/2023\/wp-json\/wp\/v2\/categories?post=161461"},{"taxonomy":"post_tag","embeddable":true,"href":"https:\/\/radiofenix.com.ar\/2023\/wp-json\/wp\/v2\/tags?post=161461"}],"curies":[{"name":"wp","href":"https:\/\/api.w.org\/{rel}","templated":true}]}}