{"id":161475,"date":"2023-02-02T00:13:00","date_gmt":"2023-02-02T00:13:00","guid":{"rendered":"http:\/\/radiofenix.com.ar\/gabriela-torres-canta-canciones-encendidas-en-su-primer-show-del-ano\/"},"modified":"2023-02-02T00:13:00","modified_gmt":"2023-02-02T00:13:00","slug":"gabriela-torres-canta-canciones-encendidas-en-su-primer-show-del-ano","status":"publish","type":"post","link":"https:\/\/radiofenix.com.ar\/2023\/gabriela-torres-canta-canciones-encendidas-en-su-primer-show-del-ano\/","title":{"rendered":"Gabriela Torres canta \u00abCanciones encendidas\u00bb en su primer show del a\u00f1o"},"content":{"rendered":"<p>Presentar\u00e1 su espect\u00e1culo, el 11 de febrero en la Terraza del Picadero, donde adelantar\u00e1 las canciones que integrar\u00e1n su pr\u00f3ximo disco y har\u00e1 versiones de temas de diferentes etapas de su trayectoria.Presentar\u00e1 su espect\u00e1culo, el 11 de febrero en la Terraza del Picadero, donde adelantar\u00e1 las canciones que integrar\u00e1n su pr\u00f3ximo disco y har\u00e1 versiones de temas de diferentes etapas de su trayectoria.<\/p>\n","protected":false},"excerpt":{"rendered":"<p>Presentar\u00e1 su espect\u00e1culo, el 11 de febrero en la Terraza del Picadero, donde adelantar\u00e1 las&#8230;<\/p>\n","protected":false},"author":2,"featured_media":161476,"comment_status":"open","ping_status":"open","sticky":false,"template":"","format":"standard","meta":{"footnotes":""},"categories":[4],"tags":[],"class_list":["post-161475","post","type-post","status-publish","format-standard","has-post-thumbnail","hentry","category-espectaculos"],"featured_image_urls":{"full":"","thumbnail":"","medium":"","medium_large":"","large":"","1536x1536":"","2048x2048":"","newsium-slider-full":"","newsium-featured":"","newsium-medium":""},"author_info":{"info":["c1500921"]},"category_info":"<a href=\"https:\/\/radiofenix.com.ar\/2023\/category\/espectaculos\/\" rel=\"category tag\">Espectaculos<\/a>","tag_info":"Espectaculos","comment_count":"0","_links":{"self":[{"href":"https:\/\/radiofenix.com.ar\/2023\/wp-json\/wp\/v2\/posts\/161475","targetHints":{"allow":["GET"]}}],"collection":[{"href":"https:\/\/radiofenix.com.ar\/2023\/wp-json\/wp\/v2\/posts"}],"about":[{"href":"https:\/\/radiofenix.com.ar\/2023\/wp-json\/wp\/v2\/types\/post"}],"author":[{"embeddable":true,"href":"https:\/\/radiofenix.com.ar\/2023\/wp-json\/wp\/v2\/users\/2"}],"replies":[{"embeddable":true,"href":"https:\/\/radiofenix.com.ar\/2023\/wp-json\/wp\/v2\/comments?post=161475"}],"version-history":[{"count":0,"href":"https:\/\/radiofenix.com.ar\/2023\/wp-json\/wp\/v2\/posts\/161475\/revisions"}],"wp:featuredmedia":[{"embeddable":true,"href":"https:\/\/radiofenix.com.ar\/2023\/wp-json\/"}],"wp:attachment":[{"href":"https:\/\/radiofenix.com.ar\/2023\/wp-json\/wp\/v2\/media?parent=161475"}],"wp:term":[{"taxonomy":"category","embeddable":true,"href":"https:\/\/radiofenix.com.ar\/2023\/wp-json\/wp\/v2\/categories?post=161475"},{"taxonomy":"post_tag","embeddable":true,"href":"https:\/\/radiofenix.com.ar\/2023\/wp-json\/wp\/v2\/tags?post=161475"}],"curies":[{"name":"wp","href":"https:\/\/api.w.org\/{rel}","templated":true}]}}