{"id":161517,"date":"2023-02-02T13:12:00","date_gmt":"2023-02-02T13:12:00","guid":{"rendered":"http:\/\/radiofenix.com.ar\/elizabeth-karayekov-la-biologa-que-se-animo-al-jazz-2\/"},"modified":"2023-02-02T13:12:00","modified_gmt":"2023-02-02T13:12:00","slug":"elizabeth-karayekov-la-biologa-que-se-animo-al-jazz-2","status":"publish","type":"post","link":"https:\/\/radiofenix.com.ar\/2023\/elizabeth-karayekov-la-biologa-que-se-animo-al-jazz-2\/","title":{"rendered":"Elizabeth Karayekov, la bi\u00f3loga que se anim\u00f3 al jazz"},"content":{"rendered":"<p>Se especializ\u00f3 en fisiolog\u00eda de los vegetales y la respuesta de las semillas a la luz solar. Sin embargo se dio el permiso de explorar en su ritmo favorito, el jazz, y hasta de aplicar su est\u00e9tica a versiones de cl\u00e1sicos del pop y el rock. Ahora disfruta de su \u00abdoble vida\u00bb como investigadora del Conicet y l\u00edder de una \u00abbig band\u00bb.\u00a0Se especializ\u00f3 en fisiolog\u00eda de los vegetales y la respuesta de las semillas a la luz solar. Sin embargo se dio el permiso de explorar en su ritmo favorito, el jazz, y hasta de aplicar su est\u00e9tica a versiones de cl\u00e1sicos del pop y el rock. Ahora disfruta de su \u00abdoble vida\u00bb como investigadora del Conicet y l\u00edder de una \u00abbig band\u00bb.\u00a0<\/p>\n","protected":false},"excerpt":{"rendered":"<p>Se especializ\u00f3 en fisiolog\u00eda de los vegetales y la respuesta de las semillas a la&#8230;<\/p>\n","protected":false},"author":2,"featured_media":161518,"comment_status":"open","ping_status":"open","sticky":false,"template":"","format":"standard","meta":{"footnotes":""},"categories":[4],"tags":[],"class_list":["post-161517","post","type-post","status-publish","format-standard","has-post-thumbnail","hentry","category-espectaculos"],"featured_image_urls":{"full":"","thumbnail":"","medium":"","medium_large":"","large":"","1536x1536":"","2048x2048":"","newsium-slider-full":"","newsium-featured":"","newsium-medium":""},"author_info":{"info":["c1500921"]},"category_info":"<a href=\"https:\/\/radiofenix.com.ar\/2023\/category\/espectaculos\/\" rel=\"category tag\">Espectaculos<\/a>","tag_info":"Espectaculos","comment_count":"0","_links":{"self":[{"href":"https:\/\/radiofenix.com.ar\/2023\/wp-json\/wp\/v2\/posts\/161517","targetHints":{"allow":["GET"]}}],"collection":[{"href":"https:\/\/radiofenix.com.ar\/2023\/wp-json\/wp\/v2\/posts"}],"about":[{"href":"https:\/\/radiofenix.com.ar\/2023\/wp-json\/wp\/v2\/types\/post"}],"author":[{"embeddable":true,"href":"https:\/\/radiofenix.com.ar\/2023\/wp-json\/wp\/v2\/users\/2"}],"replies":[{"embeddable":true,"href":"https:\/\/radiofenix.com.ar\/2023\/wp-json\/wp\/v2\/comments?post=161517"}],"version-history":[{"count":0,"href":"https:\/\/radiofenix.com.ar\/2023\/wp-json\/wp\/v2\/posts\/161517\/revisions"}],"wp:featuredmedia":[{"embeddable":true,"href":"https:\/\/radiofenix.com.ar\/2023\/wp-json\/"}],"wp:attachment":[{"href":"https:\/\/radiofenix.com.ar\/2023\/wp-json\/wp\/v2\/media?parent=161517"}],"wp:term":[{"taxonomy":"category","embeddable":true,"href":"https:\/\/radiofenix.com.ar\/2023\/wp-json\/wp\/v2\/categories?post=161517"},{"taxonomy":"post_tag","embeddable":true,"href":"https:\/\/radiofenix.com.ar\/2023\/wp-json\/wp\/v2\/tags?post=161517"}],"curies":[{"name":"wp","href":"https:\/\/api.w.org\/{rel}","templated":true}]}}