{"id":161529,"date":"2023-02-02T14:04:04","date_gmt":"2023-02-02T14:04:04","guid":{"rendered":"http:\/\/radiofenix.com.ar\/raphael-varane-anuncio-su-retiro-del-seleccionado-de-francia\/"},"modified":"2023-02-02T14:04:04","modified_gmt":"2023-02-02T14:04:04","slug":"raphael-varane-anuncio-su-retiro-del-seleccionado-de-francia","status":"publish","type":"post","link":"https:\/\/radiofenix.com.ar\/2023\/raphael-varane-anuncio-su-retiro-del-seleccionado-de-francia\/","title":{"rendered":"Raphael Varane anunci\u00f3 su retiro del seleccionado de Francia"},"content":{"rendered":"<p>El zaguero inici\u00f3 su carrera internacional hace casi 10 a\u00f1os, el 22 de marzo de 2013 en una victoria ante Georgia en las eliminatorias para el Mundial de 2014 antes de cumplir 20 a\u00f1os, siendo titular en el Real Madrid.<\/p>\n","protected":false},"excerpt":{"rendered":"<p>El zaguero inici\u00f3 su carrera internacional hace casi 10 a\u00f1os, el 22 de marzo de&#8230;<\/p>\n","protected":false},"author":2,"featured_media":161530,"comment_status":"open","ping_status":"open","sticky":false,"template":"","format":"standard","meta":{"footnotes":""},"categories":[3],"tags":[],"class_list":["post-161529","post","type-post","status-publish","format-standard","has-post-thumbnail","hentry","category-deportes"],"featured_image_urls":{"full":"","thumbnail":"","medium":"","medium_large":"","large":"","1536x1536":"","2048x2048":"","newsium-slider-full":"","newsium-featured":"","newsium-medium":""},"author_info":{"info":["c1500921"]},"category_info":"<a href=\"https:\/\/radiofenix.com.ar\/2023\/category\/deportes\/\" rel=\"category tag\">Deportes<\/a>","tag_info":"Deportes","comment_count":"0","_links":{"self":[{"href":"https:\/\/radiofenix.com.ar\/2023\/wp-json\/wp\/v2\/posts\/161529","targetHints":{"allow":["GET"]}}],"collection":[{"href":"https:\/\/radiofenix.com.ar\/2023\/wp-json\/wp\/v2\/posts"}],"about":[{"href":"https:\/\/radiofenix.com.ar\/2023\/wp-json\/wp\/v2\/types\/post"}],"author":[{"embeddable":true,"href":"https:\/\/radiofenix.com.ar\/2023\/wp-json\/wp\/v2\/users\/2"}],"replies":[{"embeddable":true,"href":"https:\/\/radiofenix.com.ar\/2023\/wp-json\/wp\/v2\/comments?post=161529"}],"version-history":[{"count":0,"href":"https:\/\/radiofenix.com.ar\/2023\/wp-json\/wp\/v2\/posts\/161529\/revisions"}],"wp:featuredmedia":[{"embeddable":true,"href":"https:\/\/radiofenix.com.ar\/2023\/wp-json\/"}],"wp:attachment":[{"href":"https:\/\/radiofenix.com.ar\/2023\/wp-json\/wp\/v2\/media?parent=161529"}],"wp:term":[{"taxonomy":"category","embeddable":true,"href":"https:\/\/radiofenix.com.ar\/2023\/wp-json\/wp\/v2\/categories?post=161529"},{"taxonomy":"post_tag","embeddable":true,"href":"https:\/\/radiofenix.com.ar\/2023\/wp-json\/wp\/v2\/tags?post=161529"}],"curies":[{"name":"wp","href":"https:\/\/api.w.org\/{rel}","templated":true}]}}