{"id":161549,"date":"2023-02-02T14:10:00","date_gmt":"2023-02-02T14:10:00","guid":{"rendered":"http:\/\/radiofenix.com.ar\/jorge-neme-hay-una-mirada-integral-sobre-la-realidad-economica-y-productiva-del-pais\/"},"modified":"2023-02-02T14:10:00","modified_gmt":"2023-02-02T14:10:00","slug":"jorge-neme-hay-una-mirada-integral-sobre-la-realidad-economica-y-productiva-del-pais","status":"publish","type":"post","link":"https:\/\/radiofenix.com.ar\/2023\/jorge-neme-hay-una-mirada-integral-sobre-la-realidad-economica-y-productiva-del-pais\/","title":{"rendered":"Jorge Neme: \u201cHay una mirada integral sobre la realidad econ\u00f3mica y productiva del pa\u00eds\u00bb"},"content":{"rendered":"<p>El secretario de Planificaci\u00f3n y Desarrollo habl\u00f3 de las proyecciones y desaf\u00edos para el sector agropecuario, los programas de \u00abcrecimiento\u00bb en la industria automotriz y mencion\u00f3 adem\u00e1s las obras e inversiones sobre los recursos h\u00eddricos en R\u00edo Negro.<\/p>\n","protected":false},"excerpt":{"rendered":"<p>El secretario de Planificaci\u00f3n y Desarrollo habl\u00f3 de las proyecciones y desaf\u00edos para el sector&#8230;<\/p>\n","protected":false},"author":2,"featured_media":161550,"comment_status":"open","ping_status":"open","sticky":false,"template":"","format":"standard","meta":{"footnotes":""},"categories":[5],"tags":[],"class_list":["post-161549","post","type-post","status-publish","format-standard","has-post-thumbnail","hentry","category-economia"],"featured_image_urls":{"full":"","thumbnail":"","medium":"","medium_large":"","large":"","1536x1536":"","2048x2048":"","newsium-slider-full":"","newsium-featured":"","newsium-medium":""},"author_info":{"info":["c1500921"]},"category_info":"<a href=\"https:\/\/radiofenix.com.ar\/2023\/category\/economia\/\" rel=\"category tag\">Economia<\/a>","tag_info":"Economia","comment_count":"0","_links":{"self":[{"href":"https:\/\/radiofenix.com.ar\/2023\/wp-json\/wp\/v2\/posts\/161549","targetHints":{"allow":["GET"]}}],"collection":[{"href":"https:\/\/radiofenix.com.ar\/2023\/wp-json\/wp\/v2\/posts"}],"about":[{"href":"https:\/\/radiofenix.com.ar\/2023\/wp-json\/wp\/v2\/types\/post"}],"author":[{"embeddable":true,"href":"https:\/\/radiofenix.com.ar\/2023\/wp-json\/wp\/v2\/users\/2"}],"replies":[{"embeddable":true,"href":"https:\/\/radiofenix.com.ar\/2023\/wp-json\/wp\/v2\/comments?post=161549"}],"version-history":[{"count":0,"href":"https:\/\/radiofenix.com.ar\/2023\/wp-json\/wp\/v2\/posts\/161549\/revisions"}],"wp:featuredmedia":[{"embeddable":true,"href":"https:\/\/radiofenix.com.ar\/2023\/wp-json\/"}],"wp:attachment":[{"href":"https:\/\/radiofenix.com.ar\/2023\/wp-json\/wp\/v2\/media?parent=161549"}],"wp:term":[{"taxonomy":"category","embeddable":true,"href":"https:\/\/radiofenix.com.ar\/2023\/wp-json\/wp\/v2\/categories?post=161549"},{"taxonomy":"post_tag","embeddable":true,"href":"https:\/\/radiofenix.com.ar\/2023\/wp-json\/wp\/v2\/tags?post=161549"}],"curies":[{"name":"wp","href":"https:\/\/api.w.org\/{rel}","templated":true}]}}