{"id":161555,"date":"2023-02-02T16:06:05","date_gmt":"2023-02-02T16:06:05","guid":{"rendered":"http:\/\/radiofenix.com.ar\/organizaciones-sociales-y-politicas-repudiaron-el-ataque-a-manifestantes-en-lago-escondido\/"},"modified":"2023-02-02T16:06:05","modified_gmt":"2023-02-02T16:06:05","slug":"organizaciones-sociales-y-politicas-repudiaron-el-ataque-a-manifestantes-en-lago-escondido","status":"publish","type":"post","link":"https:\/\/radiofenix.com.ar\/2023\/organizaciones-sociales-y-politicas-repudiaron-el-ataque-a-manifestantes-en-lago-escondido\/","title":{"rendered":"Organizaciones sociales y pol\u00edticas repudiaron el ataque a manifestantes en Lago Escondido"},"content":{"rendered":"<p>La Asociaci\u00f3n Bancaria Argentina, la CTA Aut\u00f3noma de R\u00edo Negro, el MST y ATE fueron algunos de los sectores que brindaron su apoyo a quienes sufrieron la violencia perpetrada por los trabajadores de Joe Lewis.La Asociaci\u00f3n Bancaria Argentina, la CTA Aut\u00f3noma de R\u00edo Negro, el MST y ATE fueron algunos de los sectores que brindaron su apoyo a quienes sufrieron la violencia perpetrada por los trabajadores de Joe Lewis.<\/p>\n","protected":false},"excerpt":{"rendered":"<p>La Asociaci\u00f3n Bancaria Argentina, la CTA Aut\u00f3noma de R\u00edo Negro, el MST y ATE fueron&#8230;<\/p>\n","protected":false},"author":2,"featured_media":161556,"comment_status":"open","ping_status":"open","sticky":false,"template":"","format":"standard","meta":{"footnotes":""},"categories":[2],"tags":[],"class_list":["post-161555","post","type-post","status-publish","format-standard","has-post-thumbnail","hentry","category-politica"],"featured_image_urls":{"full":"","thumbnail":"","medium":"","medium_large":"","large":"","1536x1536":"","2048x2048":"","newsium-slider-full":"","newsium-featured":"","newsium-medium":""},"author_info":{"info":["c1500921"]},"category_info":"<a href=\"https:\/\/radiofenix.com.ar\/2023\/category\/politica\/\" rel=\"category tag\">Pol\u00edtica<\/a>","tag_info":"Pol\u00edtica","comment_count":"0","_links":{"self":[{"href":"https:\/\/radiofenix.com.ar\/2023\/wp-json\/wp\/v2\/posts\/161555","targetHints":{"allow":["GET"]}}],"collection":[{"href":"https:\/\/radiofenix.com.ar\/2023\/wp-json\/wp\/v2\/posts"}],"about":[{"href":"https:\/\/radiofenix.com.ar\/2023\/wp-json\/wp\/v2\/types\/post"}],"author":[{"embeddable":true,"href":"https:\/\/radiofenix.com.ar\/2023\/wp-json\/wp\/v2\/users\/2"}],"replies":[{"embeddable":true,"href":"https:\/\/radiofenix.com.ar\/2023\/wp-json\/wp\/v2\/comments?post=161555"}],"version-history":[{"count":0,"href":"https:\/\/radiofenix.com.ar\/2023\/wp-json\/wp\/v2\/posts\/161555\/revisions"}],"wp:featuredmedia":[{"embeddable":true,"href":"https:\/\/radiofenix.com.ar\/2023\/wp-json\/"}],"wp:attachment":[{"href":"https:\/\/radiofenix.com.ar\/2023\/wp-json\/wp\/v2\/media?parent=161555"}],"wp:term":[{"taxonomy":"category","embeddable":true,"href":"https:\/\/radiofenix.com.ar\/2023\/wp-json\/wp\/v2\/categories?post=161555"},{"taxonomy":"post_tag","embeddable":true,"href":"https:\/\/radiofenix.com.ar\/2023\/wp-json\/wp\/v2\/tags?post=161555"}],"curies":[{"name":"wp","href":"https:\/\/api.w.org\/{rel}","templated":true}]}}