{"id":161557,"date":"2023-02-02T16:06:06","date_gmt":"2023-02-02T16:06:06","guid":{"rendered":"http:\/\/radiofenix.com.ar\/exponen-los-argumentos-de-los-pedidos-de-juicio-politico-contra-la-corte-3\/"},"modified":"2023-02-02T16:06:06","modified_gmt":"2023-02-02T16:06:06","slug":"exponen-los-argumentos-de-los-pedidos-de-juicio-politico-contra-la-corte-3","status":"publish","type":"post","link":"https:\/\/radiofenix.com.ar\/2023\/exponen-los-argumentos-de-los-pedidos-de-juicio-politico-contra-la-corte-3\/","title":{"rendered":"Exponen los argumentos de los pedidos de juicio pol\u00edtico contra la Corte"},"content":{"rendered":"<p>La segunda reuni\u00f3n de la comisi\u00f3n que preside la diputada del FdT Carolina Gaillard, trata los 14 expedientes presentados en la C\u00e1mara baja que contienen m\u00e1s de 60 acusaciones contra los miembros del alto tribunal.La segunda reuni\u00f3n de la comisi\u00f3n que preside la diputada del FdT Carolina Gaillard, trata los 14 expedientes presentados en la C\u00e1mara baja que contienen m\u00e1s de 60 acusaciones contra los miembros del alto tribunal.<\/p>\n","protected":false},"excerpt":{"rendered":"<p>La segunda reuni\u00f3n de la comisi\u00f3n que preside la diputada del FdT Carolina Gaillard, trata&#8230;<\/p>\n","protected":false},"author":2,"featured_media":161558,"comment_status":"open","ping_status":"open","sticky":false,"template":"","format":"standard","meta":{"footnotes":""},"categories":[2],"tags":[],"class_list":["post-161557","post","type-post","status-publish","format-standard","has-post-thumbnail","hentry","category-politica"],"featured_image_urls":{"full":"","thumbnail":"","medium":"","medium_large":"","large":"","1536x1536":"","2048x2048":"","newsium-slider-full":"","newsium-featured":"","newsium-medium":""},"author_info":{"info":["c1500921"]},"category_info":"<a href=\"https:\/\/radiofenix.com.ar\/2023\/category\/politica\/\" rel=\"category tag\">Pol\u00edtica<\/a>","tag_info":"Pol\u00edtica","comment_count":"0","_links":{"self":[{"href":"https:\/\/radiofenix.com.ar\/2023\/wp-json\/wp\/v2\/posts\/161557","targetHints":{"allow":["GET"]}}],"collection":[{"href":"https:\/\/radiofenix.com.ar\/2023\/wp-json\/wp\/v2\/posts"}],"about":[{"href":"https:\/\/radiofenix.com.ar\/2023\/wp-json\/wp\/v2\/types\/post"}],"author":[{"embeddable":true,"href":"https:\/\/radiofenix.com.ar\/2023\/wp-json\/wp\/v2\/users\/2"}],"replies":[{"embeddable":true,"href":"https:\/\/radiofenix.com.ar\/2023\/wp-json\/wp\/v2\/comments?post=161557"}],"version-history":[{"count":0,"href":"https:\/\/radiofenix.com.ar\/2023\/wp-json\/wp\/v2\/posts\/161557\/revisions"}],"wp:featuredmedia":[{"embeddable":true,"href":"https:\/\/radiofenix.com.ar\/2023\/wp-json\/"}],"wp:attachment":[{"href":"https:\/\/radiofenix.com.ar\/2023\/wp-json\/wp\/v2\/media?parent=161557"}],"wp:term":[{"taxonomy":"category","embeddable":true,"href":"https:\/\/radiofenix.com.ar\/2023\/wp-json\/wp\/v2\/categories?post=161557"},{"taxonomy":"post_tag","embeddable":true,"href":"https:\/\/radiofenix.com.ar\/2023\/wp-json\/wp\/v2\/tags?post=161557"}],"curies":[{"name":"wp","href":"https:\/\/api.w.org\/{rel}","templated":true}]}}