{"id":161567,"date":"2023-02-02T17:27:00","date_gmt":"2023-02-02T17:27:00","guid":{"rendered":"http:\/\/radiofenix.com.ar\/la-segunda-y-ultima-temporada-de-el-reino-llega-el-22-de-marzo\/"},"modified":"2023-02-02T17:27:00","modified_gmt":"2023-02-02T17:27:00","slug":"la-segunda-y-ultima-temporada-de-el-reino-llega-el-22-de-marzo","status":"publish","type":"post","link":"https:\/\/radiofenix.com.ar\/2023\/la-segunda-y-ultima-temporada-de-el-reino-llega-el-22-de-marzo\/","title":{"rendered":"La segunda y \u00faltima temporada de \u00abEl Reino\u00bb llega el 22 de marzo"},"content":{"rendered":"<p>La serie creada por Claudia Pi\u00f1eiro y Marcelo Pi\u00f1eyro en la que Diego Peretti interpreta a un pastor evang\u00e9lico que llega a ser candidato a presidente estrenar\u00e1 seis episodios con el desenlace de la oscura historia sobre la religi\u00f3n y el poder.La serie creada por Claudia Pi\u00f1eiro y Marcelo Pi\u00f1eyro en la que Diego Peretti interpreta a un pastor evang\u00e9lico que llega a ser candidato a presidente estrenar\u00e1 seis episodios con el desenlace de la oscura historia sobre la religi\u00f3n y el poder.<\/p>\n","protected":false},"excerpt":{"rendered":"<p>La serie creada por Claudia Pi\u00f1eiro y Marcelo Pi\u00f1eyro en la que Diego Peretti interpreta&#8230;<\/p>\n","protected":false},"author":2,"featured_media":161568,"comment_status":"open","ping_status":"open","sticky":false,"template":"","format":"standard","meta":{"footnotes":""},"categories":[4],"tags":[],"class_list":["post-161567","post","type-post","status-publish","format-standard","has-post-thumbnail","hentry","category-espectaculos"],"featured_image_urls":{"full":"","thumbnail":"","medium":"","medium_large":"","large":"","1536x1536":"","2048x2048":"","newsium-slider-full":"","newsium-featured":"","newsium-medium":""},"author_info":{"info":["c1500921"]},"category_info":"<a href=\"https:\/\/radiofenix.com.ar\/2023\/category\/espectaculos\/\" rel=\"category tag\">Espectaculos<\/a>","tag_info":"Espectaculos","comment_count":"0","_links":{"self":[{"href":"https:\/\/radiofenix.com.ar\/2023\/wp-json\/wp\/v2\/posts\/161567","targetHints":{"allow":["GET"]}}],"collection":[{"href":"https:\/\/radiofenix.com.ar\/2023\/wp-json\/wp\/v2\/posts"}],"about":[{"href":"https:\/\/radiofenix.com.ar\/2023\/wp-json\/wp\/v2\/types\/post"}],"author":[{"embeddable":true,"href":"https:\/\/radiofenix.com.ar\/2023\/wp-json\/wp\/v2\/users\/2"}],"replies":[{"embeddable":true,"href":"https:\/\/radiofenix.com.ar\/2023\/wp-json\/wp\/v2\/comments?post=161567"}],"version-history":[{"count":0,"href":"https:\/\/radiofenix.com.ar\/2023\/wp-json\/wp\/v2\/posts\/161567\/revisions"}],"wp:featuredmedia":[{"embeddable":true,"href":"https:\/\/radiofenix.com.ar\/2023\/wp-json\/"}],"wp:attachment":[{"href":"https:\/\/radiofenix.com.ar\/2023\/wp-json\/wp\/v2\/media?parent=161567"}],"wp:term":[{"taxonomy":"category","embeddable":true,"href":"https:\/\/radiofenix.com.ar\/2023\/wp-json\/wp\/v2\/categories?post=161567"},{"taxonomy":"post_tag","embeddable":true,"href":"https:\/\/radiofenix.com.ar\/2023\/wp-json\/wp\/v2\/tags?post=161567"}],"curies":[{"name":"wp","href":"https:\/\/api.w.org\/{rel}","templated":true}]}}