{"id":161569,"date":"2023-02-02T16:46:00","date_gmt":"2023-02-02T16:46:00","guid":{"rendered":"http:\/\/radiofenix.com.ar\/cinco-festivales-de-cine-que-se-realizan-este-mes-en-distintas-localidades-argentinas\/"},"modified":"2023-02-02T16:46:00","modified_gmt":"2023-02-02T16:46:00","slug":"cinco-festivales-de-cine-que-se-realizan-este-mes-en-distintas-localidades-argentinas","status":"publish","type":"post","link":"https:\/\/radiofenix.com.ar\/2023\/cinco-festivales-de-cine-que-se-realizan-este-mes-en-distintas-localidades-argentinas\/","title":{"rendered":"Cinco festivales de cine que se realizan este mes en distintas localidades argentinas"},"content":{"rendered":"<p>La seguidilla de eventos cin\u00e9filos iniciar\u00e1 con la segunda edici\u00f3n de Mirar en Mar del Sur. Los encuentros cuentan con el apoyo econ\u00f3mico del Incaa, con el objetivo de fortalecer el desarrollo audiovisual en todo el pa\u00eds.La seguidilla de eventos cin\u00e9filos iniciar\u00e1 con la segunda edici\u00f3n de Mirar en Mar del Sur. Los encuentros cuentan con el apoyo econ\u00f3mico del Incaa, con el objetivo de fortalecer el desarrollo audiovisual en todo el pa\u00eds.<\/p>\n","protected":false},"excerpt":{"rendered":"<p>La seguidilla de eventos cin\u00e9filos iniciar\u00e1 con la segunda edici\u00f3n de Mirar en Mar del&#8230;<\/p>\n","protected":false},"author":2,"featured_media":161570,"comment_status":"open","ping_status":"open","sticky":false,"template":"","format":"standard","meta":{"footnotes":""},"categories":[4],"tags":[],"class_list":["post-161569","post","type-post","status-publish","format-standard","has-post-thumbnail","hentry","category-espectaculos"],"featured_image_urls":{"full":"","thumbnail":"","medium":"","medium_large":"","large":"","1536x1536":"","2048x2048":"","newsium-slider-full":"","newsium-featured":"","newsium-medium":""},"author_info":{"info":["c1500921"]},"category_info":"<a href=\"https:\/\/radiofenix.com.ar\/2023\/category\/espectaculos\/\" rel=\"category tag\">Espectaculos<\/a>","tag_info":"Espectaculos","comment_count":"0","_links":{"self":[{"href":"https:\/\/radiofenix.com.ar\/2023\/wp-json\/wp\/v2\/posts\/161569","targetHints":{"allow":["GET"]}}],"collection":[{"href":"https:\/\/radiofenix.com.ar\/2023\/wp-json\/wp\/v2\/posts"}],"about":[{"href":"https:\/\/radiofenix.com.ar\/2023\/wp-json\/wp\/v2\/types\/post"}],"author":[{"embeddable":true,"href":"https:\/\/radiofenix.com.ar\/2023\/wp-json\/wp\/v2\/users\/2"}],"replies":[{"embeddable":true,"href":"https:\/\/radiofenix.com.ar\/2023\/wp-json\/wp\/v2\/comments?post=161569"}],"version-history":[{"count":0,"href":"https:\/\/radiofenix.com.ar\/2023\/wp-json\/wp\/v2\/posts\/161569\/revisions"}],"wp:featuredmedia":[{"embeddable":true,"href":"https:\/\/radiofenix.com.ar\/2023\/wp-json\/"}],"wp:attachment":[{"href":"https:\/\/radiofenix.com.ar\/2023\/wp-json\/wp\/v2\/media?parent=161569"}],"wp:term":[{"taxonomy":"category","embeddable":true,"href":"https:\/\/radiofenix.com.ar\/2023\/wp-json\/wp\/v2\/categories?post=161569"},{"taxonomy":"post_tag","embeddable":true,"href":"https:\/\/radiofenix.com.ar\/2023\/wp-json\/wp\/v2\/tags?post=161569"}],"curies":[{"name":"wp","href":"https:\/\/api.w.org\/{rel}","templated":true}]}}