{"id":161571,"date":"2023-02-02T18:04:05","date_gmt":"2023-02-02T18:04:05","guid":{"rendered":"http:\/\/radiofenix.com.ar\/aseguraron-que-los-jueces-de-la-corte-violaron-articulos-de-la-constitucion-nacional\/"},"modified":"2023-02-02T18:04:05","modified_gmt":"2023-02-02T18:04:05","slug":"aseguraron-que-los-jueces-de-la-corte-violaron-articulos-de-la-constitucion-nacional","status":"publish","type":"post","link":"https:\/\/radiofenix.com.ar\/2023\/aseguraron-que-los-jueces-de-la-corte-violaron-articulos-de-la-constitucion-nacional\/","title":{"rendered":"Aseguraron que los jueces de la Corte \u00abviolaron\u00bb art\u00edculos de la Constituci\u00f3n Nacional"},"content":{"rendered":"<p>As\u00ed lo argument\u00f3 el legislador del Frente de Todos Eduardo Vald\u00e9s en su exposici\u00f3n durante la segunda reuni\u00f3n de la comisi\u00f3n que preside la diputada del FdT Carolina Gaillard en la que se tratan los 14 expedientes presentados contra los miembros del tribunal.As\u00ed lo argument\u00f3 el legislador del Frente de Todos Eduardo Vald\u00e9s en su exposici\u00f3n durante la segunda reuni\u00f3n de la comisi\u00f3n que preside la diputada del FdT Carolina Gaillard en la que se tratan los 14 expedientes presentados contra los miembros del tribunal.<\/p>\n","protected":false},"excerpt":{"rendered":"<p>As\u00ed lo argument\u00f3 el legislador del Frente de Todos Eduardo Vald\u00e9s en su exposici\u00f3n durante&#8230;<\/p>\n","protected":false},"author":2,"featured_media":161572,"comment_status":"open","ping_status":"open","sticky":false,"template":"","format":"standard","meta":{"footnotes":""},"categories":[2],"tags":[],"class_list":["post-161571","post","type-post","status-publish","format-standard","has-post-thumbnail","hentry","category-politica"],"featured_image_urls":{"full":"","thumbnail":"","medium":"","medium_large":"","large":"","1536x1536":"","2048x2048":"","newsium-slider-full":"","newsium-featured":"","newsium-medium":""},"author_info":{"info":["c1500921"]},"category_info":"<a href=\"https:\/\/radiofenix.com.ar\/2023\/category\/politica\/\" rel=\"category tag\">Pol\u00edtica<\/a>","tag_info":"Pol\u00edtica","comment_count":"0","_links":{"self":[{"href":"https:\/\/radiofenix.com.ar\/2023\/wp-json\/wp\/v2\/posts\/161571","targetHints":{"allow":["GET"]}}],"collection":[{"href":"https:\/\/radiofenix.com.ar\/2023\/wp-json\/wp\/v2\/posts"}],"about":[{"href":"https:\/\/radiofenix.com.ar\/2023\/wp-json\/wp\/v2\/types\/post"}],"author":[{"embeddable":true,"href":"https:\/\/radiofenix.com.ar\/2023\/wp-json\/wp\/v2\/users\/2"}],"replies":[{"embeddable":true,"href":"https:\/\/radiofenix.com.ar\/2023\/wp-json\/wp\/v2\/comments?post=161571"}],"version-history":[{"count":0,"href":"https:\/\/radiofenix.com.ar\/2023\/wp-json\/wp\/v2\/posts\/161571\/revisions"}],"wp:featuredmedia":[{"embeddable":true,"href":"https:\/\/radiofenix.com.ar\/2023\/wp-json\/"}],"wp:attachment":[{"href":"https:\/\/radiofenix.com.ar\/2023\/wp-json\/wp\/v2\/media?parent=161571"}],"wp:term":[{"taxonomy":"category","embeddable":true,"href":"https:\/\/radiofenix.com.ar\/2023\/wp-json\/wp\/v2\/categories?post=161571"},{"taxonomy":"post_tag","embeddable":true,"href":"https:\/\/radiofenix.com.ar\/2023\/wp-json\/wp\/v2\/tags?post=161571"}],"curies":[{"name":"wp","href":"https:\/\/api.w.org\/{rel}","templated":true}]}}