{"id":161573,"date":"2023-02-02T18:04:06","date_gmt":"2023-02-02T18:04:06","guid":{"rendered":"http:\/\/radiofenix.com.ar\/giardinelli-lewis-es-una-persona-no-grata-para-el-pueblo-argentino\/"},"modified":"2023-02-02T18:04:06","modified_gmt":"2023-02-02T18:04:06","slug":"giardinelli-lewis-es-una-persona-no-grata-para-el-pueblo-argentino","status":"publish","type":"post","link":"https:\/\/radiofenix.com.ar\/2023\/giardinelli-lewis-es-una-persona-no-grata-para-el-pueblo-argentino\/","title":{"rendered":"Giardinelli: \u00abLewis es una persona no grata para el pueblo argentino\u00bb"},"content":{"rendered":"<p>En di\u00e1logo con T\u00e9lam, el escritor y periodista respald\u00f3 las acciones desarrollas por la S\u00e9ptima Marcha, en la cual manifestantes fueron golpeados por\u00a0empleados del magnate brit\u00e1nico, y sostuvo que la provincia de R\u00edo Negro es un esc\u00e1ndalo institucional.En di\u00e1logo con T\u00e9lam, el escritor y periodista respald\u00f3 las acciones desarrollas por la S\u00e9ptima Marcha, en la cual manifestantes fueron golpeados por\u00a0empleados del magnate brit\u00e1nico, y sostuvo que la provincia de R\u00edo Negro es un esc\u00e1ndalo institucional.<\/p>\n","protected":false},"excerpt":{"rendered":"<p>En di\u00e1logo con T\u00e9lam, el escritor y periodista respald\u00f3 las acciones desarrollas por la S\u00e9ptima&#8230;<\/p>\n","protected":false},"author":2,"featured_media":161574,"comment_status":"open","ping_status":"open","sticky":false,"template":"","format":"standard","meta":{"footnotes":""},"categories":[2],"tags":[],"class_list":["post-161573","post","type-post","status-publish","format-standard","has-post-thumbnail","hentry","category-politica"],"featured_image_urls":{"full":"","thumbnail":"","medium":"","medium_large":"","large":"","1536x1536":"","2048x2048":"","newsium-slider-full":"","newsium-featured":"","newsium-medium":""},"author_info":{"info":["c1500921"]},"category_info":"<a href=\"https:\/\/radiofenix.com.ar\/2023\/category\/politica\/\" rel=\"category tag\">Pol\u00edtica<\/a>","tag_info":"Pol\u00edtica","comment_count":"0","_links":{"self":[{"href":"https:\/\/radiofenix.com.ar\/2023\/wp-json\/wp\/v2\/posts\/161573","targetHints":{"allow":["GET"]}}],"collection":[{"href":"https:\/\/radiofenix.com.ar\/2023\/wp-json\/wp\/v2\/posts"}],"about":[{"href":"https:\/\/radiofenix.com.ar\/2023\/wp-json\/wp\/v2\/types\/post"}],"author":[{"embeddable":true,"href":"https:\/\/radiofenix.com.ar\/2023\/wp-json\/wp\/v2\/users\/2"}],"replies":[{"embeddable":true,"href":"https:\/\/radiofenix.com.ar\/2023\/wp-json\/wp\/v2\/comments?post=161573"}],"version-history":[{"count":0,"href":"https:\/\/radiofenix.com.ar\/2023\/wp-json\/wp\/v2\/posts\/161573\/revisions"}],"wp:featuredmedia":[{"embeddable":true,"href":"https:\/\/radiofenix.com.ar\/2023\/wp-json\/"}],"wp:attachment":[{"href":"https:\/\/radiofenix.com.ar\/2023\/wp-json\/wp\/v2\/media?parent=161573"}],"wp:term":[{"taxonomy":"category","embeddable":true,"href":"https:\/\/radiofenix.com.ar\/2023\/wp-json\/wp\/v2\/categories?post=161573"},{"taxonomy":"post_tag","embeddable":true,"href":"https:\/\/radiofenix.com.ar\/2023\/wp-json\/wp\/v2\/tags?post=161573"}],"curies":[{"name":"wp","href":"https:\/\/api.w.org\/{rel}","templated":true}]}}