{"id":161577,"date":"2023-02-02T18:04:08","date_gmt":"2023-02-02T18:04:08","guid":{"rendered":"http:\/\/radiofenix.com.ar\/lago-escondido-avanza-otra-columna-de-manifestantes-por-el-camino-de-montana\/"},"modified":"2023-02-02T18:04:08","modified_gmt":"2023-02-02T18:04:08","slug":"lago-escondido-avanza-otra-columna-de-manifestantes-por-el-camino-de-montana","status":"publish","type":"post","link":"https:\/\/radiofenix.com.ar\/2023\/lago-escondido-avanza-otra-columna-de-manifestantes-por-el-camino-de-montana\/","title":{"rendered":"Lago Escondido: avanza otra columna de manifestantes por el camino de monta\u00f1a"},"content":{"rendered":"<p>Luego de que una columna de manifestantes fuera agredida\u00a0con piedras y gas pimienta por parte de peones rurales que trabajan para el magnate brit\u00e1nico Joe Lewis en\u00a0el Camino p\u00fablico del Tacuif\u00ed, otra columna avanza por el camino de monta\u00f1a.Luego de que una columna de manifestantes fuera agredida\u00a0con piedras y gas pimienta por parte de peones rurales que trabajan para el magnate brit\u00e1nico Joe Lewis en\u00a0el Camino p\u00fablico del Tacuif\u00ed, otra columna avanza por el camino de monta\u00f1a.<\/p>\n","protected":false},"excerpt":{"rendered":"<p>Luego de que una columna de manifestantes fuera agredida\u00a0con piedras y gas pimienta por parte&#8230;<\/p>\n","protected":false},"author":2,"featured_media":161578,"comment_status":"open","ping_status":"open","sticky":false,"template":"","format":"standard","meta":{"footnotes":""},"categories":[2],"tags":[],"class_list":["post-161577","post","type-post","status-publish","format-standard","has-post-thumbnail","hentry","category-politica"],"featured_image_urls":{"full":"","thumbnail":"","medium":"","medium_large":"","large":"","1536x1536":"","2048x2048":"","newsium-slider-full":"","newsium-featured":"","newsium-medium":""},"author_info":{"info":["c1500921"]},"category_info":"<a href=\"https:\/\/radiofenix.com.ar\/2023\/category\/politica\/\" rel=\"category tag\">Pol\u00edtica<\/a>","tag_info":"Pol\u00edtica","comment_count":"0","_links":{"self":[{"href":"https:\/\/radiofenix.com.ar\/2023\/wp-json\/wp\/v2\/posts\/161577","targetHints":{"allow":["GET"]}}],"collection":[{"href":"https:\/\/radiofenix.com.ar\/2023\/wp-json\/wp\/v2\/posts"}],"about":[{"href":"https:\/\/radiofenix.com.ar\/2023\/wp-json\/wp\/v2\/types\/post"}],"author":[{"embeddable":true,"href":"https:\/\/radiofenix.com.ar\/2023\/wp-json\/wp\/v2\/users\/2"}],"replies":[{"embeddable":true,"href":"https:\/\/radiofenix.com.ar\/2023\/wp-json\/wp\/v2\/comments?post=161577"}],"version-history":[{"count":0,"href":"https:\/\/radiofenix.com.ar\/2023\/wp-json\/wp\/v2\/posts\/161577\/revisions"}],"wp:featuredmedia":[{"embeddable":true,"href":"https:\/\/radiofenix.com.ar\/2023\/wp-json\/"}],"wp:attachment":[{"href":"https:\/\/radiofenix.com.ar\/2023\/wp-json\/wp\/v2\/media?parent=161577"}],"wp:term":[{"taxonomy":"category","embeddable":true,"href":"https:\/\/radiofenix.com.ar\/2023\/wp-json\/wp\/v2\/categories?post=161577"},{"taxonomy":"post_tag","embeddable":true,"href":"https:\/\/radiofenix.com.ar\/2023\/wp-json\/wp\/v2\/tags?post=161577"}],"curies":[{"name":"wp","href":"https:\/\/api.w.org\/{rel}","templated":true}]}}