{"id":161581,"date":"2023-02-02T18:04:09","date_gmt":"2023-02-02T18:04:09","guid":{"rendered":"http:\/\/radiofenix.com.ar\/alberto-fernandez-analiza-conformar-una-mesa-nacional-del-fdt-2\/"},"modified":"2023-02-02T18:04:09","modified_gmt":"2023-02-02T18:04:09","slug":"alberto-fernandez-analiza-conformar-una-mesa-nacional-del-fdt-2","status":"publish","type":"post","link":"https:\/\/radiofenix.com.ar\/2023\/alberto-fernandez-analiza-conformar-una-mesa-nacional-del-fdt-2\/","title":{"rendered":"Alberto Fern\u00e1ndez analiza conformar una mesa nacional del FdT"},"content":{"rendered":"<p>\u00abEl Presidente, como presidente del PJ, est\u00e1 analizando la conformaci\u00f3n de una mesa que trabaje sobre la estrategia electoral. Hace m\u00e1s de un a\u00f1o dijo que \u00edbamos a ir a una PASO donde todos se iban a poder expresar y elegir el candidato que mejor nos represente\u00bb, dijo la portavoz Gabriela Cerruti.\u00bbEl Presidente, como presidente del PJ, est\u00e1 analizando la conformaci\u00f3n de una mesa que trabaje sobre la estrategia electoral. Hace m\u00e1s de un a\u00f1o dijo que \u00edbamos a ir a una PASO donde todos se iban a poder expresar y elegir el candidato que mejor nos represente\u00bb, dijo la portavoz Gabriela Cerruti.<\/p>\n","protected":false},"excerpt":{"rendered":"<p>\u00abEl Presidente, como presidente del PJ, est\u00e1 analizando la conformaci\u00f3n de una mesa que trabaje&#8230;<\/p>\n","protected":false},"author":2,"featured_media":161582,"comment_status":"open","ping_status":"open","sticky":false,"template":"","format":"standard","meta":{"footnotes":""},"categories":[2],"tags":[],"class_list":["post-161581","post","type-post","status-publish","format-standard","has-post-thumbnail","hentry","category-politica"],"featured_image_urls":{"full":"","thumbnail":"","medium":"","medium_large":"","large":"","1536x1536":"","2048x2048":"","newsium-slider-full":"","newsium-featured":"","newsium-medium":""},"author_info":{"info":["c1500921"]},"category_info":"<a href=\"https:\/\/radiofenix.com.ar\/2023\/category\/politica\/\" rel=\"category tag\">Pol\u00edtica<\/a>","tag_info":"Pol\u00edtica","comment_count":"0","_links":{"self":[{"href":"https:\/\/radiofenix.com.ar\/2023\/wp-json\/wp\/v2\/posts\/161581","targetHints":{"allow":["GET"]}}],"collection":[{"href":"https:\/\/radiofenix.com.ar\/2023\/wp-json\/wp\/v2\/posts"}],"about":[{"href":"https:\/\/radiofenix.com.ar\/2023\/wp-json\/wp\/v2\/types\/post"}],"author":[{"embeddable":true,"href":"https:\/\/radiofenix.com.ar\/2023\/wp-json\/wp\/v2\/users\/2"}],"replies":[{"embeddable":true,"href":"https:\/\/radiofenix.com.ar\/2023\/wp-json\/wp\/v2\/comments?post=161581"}],"version-history":[{"count":0,"href":"https:\/\/radiofenix.com.ar\/2023\/wp-json\/wp\/v2\/posts\/161581\/revisions"}],"wp:featuredmedia":[{"embeddable":true,"href":"https:\/\/radiofenix.com.ar\/2023\/wp-json\/"}],"wp:attachment":[{"href":"https:\/\/radiofenix.com.ar\/2023\/wp-json\/wp\/v2\/media?parent=161581"}],"wp:term":[{"taxonomy":"category","embeddable":true,"href":"https:\/\/radiofenix.com.ar\/2023\/wp-json\/wp\/v2\/categories?post=161581"},{"taxonomy":"post_tag","embeddable":true,"href":"https:\/\/radiofenix.com.ar\/2023\/wp-json\/wp\/v2\/tags?post=161581"}],"curies":[{"name":"wp","href":"https:\/\/api.w.org\/{rel}","templated":true}]}}