{"id":161619,"date":"2023-02-02T21:26:00","date_gmt":"2023-02-02T21:26:00","guid":{"rendered":"http:\/\/radiofenix.com.ar\/aadet-elegira-nuevas-autoridades-y-rottemberg-su-presidente-no-buscara-ningun-cargo\/"},"modified":"2023-02-02T21:26:00","modified_gmt":"2023-02-02T21:26:00","slug":"aadet-elegira-nuevas-autoridades-y-rottemberg-su-presidente-no-buscara-ningun-cargo","status":"publish","type":"post","link":"https:\/\/radiofenix.com.ar\/2023\/aadet-elegira-nuevas-autoridades-y-rottemberg-su-presidente-no-buscara-ningun-cargo\/","title":{"rendered":"Aadet elegir\u00e1 nuevas autoridades y Rottemberg, su presidente, no buscar\u00e1 ning\u00fan cargo"},"content":{"rendered":"<p>El productor, propietario de salas porte\u00f1as y marplatenses, sostuvo que hay que ir \u00abdejando espacio para la renovada camada de empresarias y empresarios con el objetivo de continuar haciendo crecer esta maravillosa profesi\u00f3n\u00bb a trav\u00e9s de la Asociaci\u00f3n Argentina de Empresarios Teatrales y Musicales.El productor, propietario de salas porte\u00f1as y marplatenses, sostuvo que hay que ir \u00abdejando espacio para la renovada camada de empresarias y empresarios con el objetivo de continuar haciendo crecer esta maravillosa profesi\u00f3n\u00bb a trav\u00e9s de la Asociaci\u00f3n Argentina de Empresarios Teatrales y Musicales.<\/p>\n","protected":false},"excerpt":{"rendered":"<p>El productor, propietario de salas porte\u00f1as y marplatenses, sostuvo que hay que ir \u00abdejando espacio&#8230;<\/p>\n","protected":false},"author":2,"featured_media":161620,"comment_status":"open","ping_status":"open","sticky":false,"template":"","format":"standard","meta":{"footnotes":""},"categories":[4],"tags":[],"class_list":["post-161619","post","type-post","status-publish","format-standard","has-post-thumbnail","hentry","category-espectaculos"],"featured_image_urls":{"full":"","thumbnail":"","medium":"","medium_large":"","large":"","1536x1536":"","2048x2048":"","newsium-slider-full":"","newsium-featured":"","newsium-medium":""},"author_info":{"info":["c1500921"]},"category_info":"<a href=\"https:\/\/radiofenix.com.ar\/2023\/category\/espectaculos\/\" rel=\"category tag\">Espectaculos<\/a>","tag_info":"Espectaculos","comment_count":"0","_links":{"self":[{"href":"https:\/\/radiofenix.com.ar\/2023\/wp-json\/wp\/v2\/posts\/161619","targetHints":{"allow":["GET"]}}],"collection":[{"href":"https:\/\/radiofenix.com.ar\/2023\/wp-json\/wp\/v2\/posts"}],"about":[{"href":"https:\/\/radiofenix.com.ar\/2023\/wp-json\/wp\/v2\/types\/post"}],"author":[{"embeddable":true,"href":"https:\/\/radiofenix.com.ar\/2023\/wp-json\/wp\/v2\/users\/2"}],"replies":[{"embeddable":true,"href":"https:\/\/radiofenix.com.ar\/2023\/wp-json\/wp\/v2\/comments?post=161619"}],"version-history":[{"count":0,"href":"https:\/\/radiofenix.com.ar\/2023\/wp-json\/wp\/v2\/posts\/161619\/revisions"}],"wp:featuredmedia":[{"embeddable":true,"href":"https:\/\/radiofenix.com.ar\/2023\/wp-json\/"}],"wp:attachment":[{"href":"https:\/\/radiofenix.com.ar\/2023\/wp-json\/wp\/v2\/media?parent=161619"}],"wp:term":[{"taxonomy":"category","embeddable":true,"href":"https:\/\/radiofenix.com.ar\/2023\/wp-json\/wp\/v2\/categories?post=161619"},{"taxonomy":"post_tag","embeddable":true,"href":"https:\/\/radiofenix.com.ar\/2023\/wp-json\/wp\/v2\/tags?post=161619"}],"curies":[{"name":"wp","href":"https:\/\/api.w.org\/{rel}","templated":true}]}}