{"id":161625,"date":"2023-02-02T22:04:05","date_gmt":"2023-02-02T22:04:05","guid":{"rendered":"http:\/\/radiofenix.com.ar\/diputados-asociaciones-y-abogados-argumentaron-el-pedido-de-juicio-a-miembros-de-la-corte\/"},"modified":"2023-02-02T22:04:05","modified_gmt":"2023-02-02T22:04:05","slug":"diputados-asociaciones-y-abogados-argumentaron-el-pedido-de-juicio-a-miembros-de-la-corte","status":"publish","type":"post","link":"https:\/\/radiofenix.com.ar\/2023\/diputados-asociaciones-y-abogados-argumentaron-el-pedido-de-juicio-a-miembros-de-la-corte\/","title":{"rendered":"Diputados, asociaciones y abogados argumentaron el pedido de juicio a miembros de la Corte"},"content":{"rendered":"<p>Tras escuchar las exposiciones de Eduardo Vald\u00e9s, Paula Olivetto, Claudia Roca, Federico M\u00e9ndez, Patricia Isasa, Vanesa Siley, Mar\u00eda Rosa Mart\u00ednez y Pablo Carro, los legisladores votar\u00e1n el jueves\u00a0la admisibilidad de los pedidos de enjuiciamiento.Tras escuchar las exposiciones de Eduardo Vald\u00e9s, Paula Olivetto, Claudia Roca, Federico M\u00e9ndez, Patricia Isasa, Vanesa Siley, Mar\u00eda Rosa Mart\u00ednez y Pablo Carro, los legisladores votar\u00e1n el jueves\u00a0la admisibilidad de los pedidos de enjuiciamiento.<\/p>\n","protected":false},"excerpt":{"rendered":"<p>Tras escuchar las exposiciones de Eduardo Vald\u00e9s, Paula Olivetto, Claudia Roca, Federico M\u00e9ndez, Patricia Isasa,&#8230;<\/p>\n","protected":false},"author":2,"featured_media":161626,"comment_status":"open","ping_status":"open","sticky":false,"template":"","format":"standard","meta":{"footnotes":""},"categories":[2],"tags":[],"class_list":["post-161625","post","type-post","status-publish","format-standard","has-post-thumbnail","hentry","category-politica"],"featured_image_urls":{"full":"","thumbnail":"","medium":"","medium_large":"","large":"","1536x1536":"","2048x2048":"","newsium-slider-full":"","newsium-featured":"","newsium-medium":""},"author_info":{"info":["c1500921"]},"category_info":"<a href=\"https:\/\/radiofenix.com.ar\/2023\/category\/politica\/\" rel=\"category tag\">Pol\u00edtica<\/a>","tag_info":"Pol\u00edtica","comment_count":"0","_links":{"self":[{"href":"https:\/\/radiofenix.com.ar\/2023\/wp-json\/wp\/v2\/posts\/161625","targetHints":{"allow":["GET"]}}],"collection":[{"href":"https:\/\/radiofenix.com.ar\/2023\/wp-json\/wp\/v2\/posts"}],"about":[{"href":"https:\/\/radiofenix.com.ar\/2023\/wp-json\/wp\/v2\/types\/post"}],"author":[{"embeddable":true,"href":"https:\/\/radiofenix.com.ar\/2023\/wp-json\/wp\/v2\/users\/2"}],"replies":[{"embeddable":true,"href":"https:\/\/radiofenix.com.ar\/2023\/wp-json\/wp\/v2\/comments?post=161625"}],"version-history":[{"count":0,"href":"https:\/\/radiofenix.com.ar\/2023\/wp-json\/wp\/v2\/posts\/161625\/revisions"}],"wp:featuredmedia":[{"embeddable":true,"href":"https:\/\/radiofenix.com.ar\/2023\/wp-json\/"}],"wp:attachment":[{"href":"https:\/\/radiofenix.com.ar\/2023\/wp-json\/wp\/v2\/media?parent=161625"}],"wp:term":[{"taxonomy":"category","embeddable":true,"href":"https:\/\/radiofenix.com.ar\/2023\/wp-json\/wp\/v2\/categories?post=161625"},{"taxonomy":"post_tag","embeddable":true,"href":"https:\/\/radiofenix.com.ar\/2023\/wp-json\/wp\/v2\/tags?post=161625"}],"curies":[{"name":"wp","href":"https:\/\/api.w.org\/{rel}","templated":true}]}}