{"id":161707,"date":"2023-02-03T13:04:23","date_gmt":"2023-02-03T13:04:23","guid":{"rendered":"http:\/\/radiofenix.com.ar\/reconocen-la-ocupacion-actual-tradicional-y-publica-de-la-comunidad-lof-limay-kurref\/"},"modified":"2023-02-03T13:04:23","modified_gmt":"2023-02-03T13:04:23","slug":"reconocen-la-ocupacion-actual-tradicional-y-publica-de-la-comunidad-lof-limay-kurref","status":"publish","type":"post","link":"https:\/\/radiofenix.com.ar\/2023\/reconocen-la-ocupacion-actual-tradicional-y-publica-de-la-comunidad-lof-limay-kurref\/","title":{"rendered":"Reconocen la \u00abocupaci\u00f3n actual, tradicional y p\u00fablica\u00bb de la comunidad Lof Limay Kurref"},"content":{"rendered":"<p>La resoluci\u00f3n del Instituto Nacional de Asuntos Ind\u00edgenas recuerda que\u00a0\u00ablas comunidades ind\u00edgenas reconocidas tienen derecho a la posesi\u00f3n y propiedad comunitaria de las tierras que tradicionalmente ocupan&amp;rdquo;.La resoluci\u00f3n del Instituto Nacional de Asuntos Ind\u00edgenas recuerda que\u00a0\u00ablas comunidades ind\u00edgenas reconocidas tienen derecho a la posesi\u00f3n y propiedad comunitaria de las tierras que tradicionalmente ocupan&amp;rdquo;.<\/p>\n","protected":false},"excerpt":{"rendered":"<p>La resoluci\u00f3n del Instituto Nacional de Asuntos Ind\u00edgenas recuerda que\u00a0\u00ablas comunidades ind\u00edgenas reconocidas tienen derecho&#8230;<\/p>\n","protected":false},"author":2,"featured_media":161708,"comment_status":"open","ping_status":"open","sticky":false,"template":"","format":"standard","meta":{"footnotes":""},"categories":[2],"tags":[],"class_list":["post-161707","post","type-post","status-publish","format-standard","has-post-thumbnail","hentry","category-politica"],"featured_image_urls":{"full":"","thumbnail":"","medium":"","medium_large":"","large":"","1536x1536":"","2048x2048":"","newsium-slider-full":"","newsium-featured":"","newsium-medium":""},"author_info":{"info":["c1500921"]},"category_info":"<a href=\"https:\/\/radiofenix.com.ar\/2023\/category\/politica\/\" rel=\"category tag\">Pol\u00edtica<\/a>","tag_info":"Pol\u00edtica","comment_count":"0","_links":{"self":[{"href":"https:\/\/radiofenix.com.ar\/2023\/wp-json\/wp\/v2\/posts\/161707","targetHints":{"allow":["GET"]}}],"collection":[{"href":"https:\/\/radiofenix.com.ar\/2023\/wp-json\/wp\/v2\/posts"}],"about":[{"href":"https:\/\/radiofenix.com.ar\/2023\/wp-json\/wp\/v2\/types\/post"}],"author":[{"embeddable":true,"href":"https:\/\/radiofenix.com.ar\/2023\/wp-json\/wp\/v2\/users\/2"}],"replies":[{"embeddable":true,"href":"https:\/\/radiofenix.com.ar\/2023\/wp-json\/wp\/v2\/comments?post=161707"}],"version-history":[{"count":0,"href":"https:\/\/radiofenix.com.ar\/2023\/wp-json\/wp\/v2\/posts\/161707\/revisions"}],"wp:featuredmedia":[{"embeddable":true,"href":"https:\/\/radiofenix.com.ar\/2023\/wp-json\/"}],"wp:attachment":[{"href":"https:\/\/radiofenix.com.ar\/2023\/wp-json\/wp\/v2\/media?parent=161707"}],"wp:term":[{"taxonomy":"category","embeddable":true,"href":"https:\/\/radiofenix.com.ar\/2023\/wp-json\/wp\/v2\/categories?post=161707"},{"taxonomy":"post_tag","embeddable":true,"href":"https:\/\/radiofenix.com.ar\/2023\/wp-json\/wp\/v2\/tags?post=161707"}],"curies":[{"name":"wp","href":"https:\/\/api.w.org\/{rel}","templated":true}]}}