{"id":161727,"date":"2023-02-03T16:04:51","date_gmt":"2023-02-03T16:04:51","guid":{"rendered":"http:\/\/radiofenix.com.ar\/se-estan-juzgando-siete-anos-de-decadencia-institucional\/"},"modified":"2023-02-03T16:04:51","modified_gmt":"2023-02-03T16:04:51","slug":"se-estan-juzgando-siete-anos-de-decadencia-institucional","status":"publish","type":"post","link":"https:\/\/radiofenix.com.ar\/2023\/se-estan-juzgando-siete-anos-de-decadencia-institucional\/","title":{"rendered":"\u00abSe est\u00e1n juzgando siete a\u00f1os de decadencia institucional\u00bb"},"content":{"rendered":"<p>\u00abComodoro Py est\u00e1 aplicando su t\u00edpica doctrina autodefensiva absolutamente ilegal, en donde cualquier delito federal cometido por un juez debe ser investigado por sus propios colegas de Comodoro Py. Una locura\u00bb, analiz\u00f3 el ministro, y destac\u00f3 la discusi\u00f3n sobre el juicio pol\u00edtico a los integrantes de la Corte que se da en Diputados.\u00bbComodoro Py est\u00e1 aplicando su t\u00edpica doctrina autodefensiva absolutamente ilegal, en donde cualquier delito federal cometido por un juez debe ser investigado por sus propios colegas de Comodoro Py. Una locura\u00bb, analiz\u00f3 el ministro, y destac\u00f3 la discusi\u00f3n sobre el juicio pol\u00edtico a los integrantes de la Corte que se da en Diputados.<\/p>\n","protected":false},"excerpt":{"rendered":"<p>\u00abComodoro Py est\u00e1 aplicando su t\u00edpica doctrina autodefensiva absolutamente ilegal, en donde cualquier delito federal&#8230;<\/p>\n","protected":false},"author":2,"featured_media":161728,"comment_status":"open","ping_status":"open","sticky":false,"template":"","format":"standard","meta":{"footnotes":""},"categories":[2],"tags":[],"class_list":["post-161727","post","type-post","status-publish","format-standard","has-post-thumbnail","hentry","category-politica"],"featured_image_urls":{"full":"","thumbnail":"","medium":"","medium_large":"","large":"","1536x1536":"","2048x2048":"","newsium-slider-full":"","newsium-featured":"","newsium-medium":""},"author_info":{"info":["c1500921"]},"category_info":"<a href=\"https:\/\/radiofenix.com.ar\/2023\/category\/politica\/\" rel=\"category tag\">Pol\u00edtica<\/a>","tag_info":"Pol\u00edtica","comment_count":"0","_links":{"self":[{"href":"https:\/\/radiofenix.com.ar\/2023\/wp-json\/wp\/v2\/posts\/161727","targetHints":{"allow":["GET"]}}],"collection":[{"href":"https:\/\/radiofenix.com.ar\/2023\/wp-json\/wp\/v2\/posts"}],"about":[{"href":"https:\/\/radiofenix.com.ar\/2023\/wp-json\/wp\/v2\/types\/post"}],"author":[{"embeddable":true,"href":"https:\/\/radiofenix.com.ar\/2023\/wp-json\/wp\/v2\/users\/2"}],"replies":[{"embeddable":true,"href":"https:\/\/radiofenix.com.ar\/2023\/wp-json\/wp\/v2\/comments?post=161727"}],"version-history":[{"count":0,"href":"https:\/\/radiofenix.com.ar\/2023\/wp-json\/wp\/v2\/posts\/161727\/revisions"}],"wp:featuredmedia":[{"embeddable":true,"href":"https:\/\/radiofenix.com.ar\/2023\/wp-json\/"}],"wp:attachment":[{"href":"https:\/\/radiofenix.com.ar\/2023\/wp-json\/wp\/v2\/media?parent=161727"}],"wp:term":[{"taxonomy":"category","embeddable":true,"href":"https:\/\/radiofenix.com.ar\/2023\/wp-json\/wp\/v2\/categories?post=161727"},{"taxonomy":"post_tag","embeddable":true,"href":"https:\/\/radiofenix.com.ar\/2023\/wp-json\/wp\/v2\/tags?post=161727"}],"curies":[{"name":"wp","href":"https:\/\/api.w.org\/{rel}","templated":true}]}}