{"id":161729,"date":"2023-02-03T16:04:52","date_gmt":"2023-02-03T16:04:52","guid":{"rendered":"http:\/\/radiofenix.com.ar\/el-pj-porteno-trabajara-para-poner-fin-a-15-anos-del-pro-en-la-ciudad\/"},"modified":"2023-02-03T16:04:52","modified_gmt":"2023-02-03T16:04:52","slug":"el-pj-porteno-trabajara-para-poner-fin-a-15-anos-del-pro-en-la-ciudad","status":"publish","type":"post","link":"https:\/\/radiofenix.com.ar\/2023\/el-pj-porteno-trabajara-para-poner-fin-a-15-anos-del-pro-en-la-ciudad\/","title":{"rendered":"El PJ porte\u00f1o trabajar\u00e1 para \u00abponer fin a 15 a\u00f1os\u00bb del PRO en la Ciudad"},"content":{"rendered":"<p>El consejo metropolitano del Partido Justicialista analliz\u00f3 los problemas de inseguridad en CABA, los recientes anuncios de Larreta sobre mortalidad infantil y la designaci\u00f3n \u00absilenciosa\u00bb de una secretaria de Seguridad en medio del esc\u00e1ndalo de los chats de D\u00b4Alessandro. Tambi\u00e9n acordaron trabajar \u00abcontra la proscripci\u00f3n\u00bb de Cristina Fern\u00e1ndez de Kirchner.El consejo metropolitano del Partido Justicialista analliz\u00f3 los problemas de inseguridad en CABA, los recientes anuncios de Larreta sobre mortalidad infantil y la designaci\u00f3n \u00absilenciosa\u00bb de una secretaria de Seguridad en medio del esc\u00e1ndalo de los chats de D\u00b4Alessandro. Tambi\u00e9n acordaron trabajar \u00abcontra la proscripci\u00f3n\u00bb de Cristina Fern\u00e1ndez de Kirchner.<\/p>\n","protected":false},"excerpt":{"rendered":"<p>El consejo metropolitano del Partido Justicialista analliz\u00f3 los problemas de inseguridad en CABA, los recientes&#8230;<\/p>\n","protected":false},"author":2,"featured_media":161730,"comment_status":"open","ping_status":"open","sticky":false,"template":"","format":"standard","meta":{"footnotes":""},"categories":[2],"tags":[],"class_list":["post-161729","post","type-post","status-publish","format-standard","has-post-thumbnail","hentry","category-politica"],"featured_image_urls":{"full":"","thumbnail":"","medium":"","medium_large":"","large":"","1536x1536":"","2048x2048":"","newsium-slider-full":"","newsium-featured":"","newsium-medium":""},"author_info":{"info":["c1500921"]},"category_info":"<a href=\"https:\/\/radiofenix.com.ar\/2023\/category\/politica\/\" rel=\"category tag\">Pol\u00edtica<\/a>","tag_info":"Pol\u00edtica","comment_count":"0","_links":{"self":[{"href":"https:\/\/radiofenix.com.ar\/2023\/wp-json\/wp\/v2\/posts\/161729","targetHints":{"allow":["GET"]}}],"collection":[{"href":"https:\/\/radiofenix.com.ar\/2023\/wp-json\/wp\/v2\/posts"}],"about":[{"href":"https:\/\/radiofenix.com.ar\/2023\/wp-json\/wp\/v2\/types\/post"}],"author":[{"embeddable":true,"href":"https:\/\/radiofenix.com.ar\/2023\/wp-json\/wp\/v2\/users\/2"}],"replies":[{"embeddable":true,"href":"https:\/\/radiofenix.com.ar\/2023\/wp-json\/wp\/v2\/comments?post=161729"}],"version-history":[{"count":0,"href":"https:\/\/radiofenix.com.ar\/2023\/wp-json\/wp\/v2\/posts\/161729\/revisions"}],"wp:featuredmedia":[{"embeddable":true,"href":"https:\/\/radiofenix.com.ar\/2023\/wp-json\/"}],"wp:attachment":[{"href":"https:\/\/radiofenix.com.ar\/2023\/wp-json\/wp\/v2\/media?parent=161729"}],"wp:term":[{"taxonomy":"category","embeddable":true,"href":"https:\/\/radiofenix.com.ar\/2023\/wp-json\/wp\/v2\/categories?post=161729"},{"taxonomy":"post_tag","embeddable":true,"href":"https:\/\/radiofenix.com.ar\/2023\/wp-json\/wp\/v2\/tags?post=161729"}],"curies":[{"name":"wp","href":"https:\/\/api.w.org\/{rel}","templated":true}]}}