{"id":161731,"date":"2023-02-03T16:04:52","date_gmt":"2023-02-03T16:04:52","guid":{"rendered":"http:\/\/radiofenix.com.ar\/desde-2019-el-gobierno-bonaerense-aumento-435-la-inversion-en-infraestructura-escolar\/"},"modified":"2023-02-03T16:04:52","modified_gmt":"2023-02-03T16:04:52","slug":"desde-2019-el-gobierno-bonaerense-aumento-435-la-inversion-en-infraestructura-escolar","status":"publish","type":"post","link":"https:\/\/radiofenix.com.ar\/2023\/desde-2019-el-gobierno-bonaerense-aumento-435-la-inversion-en-infraestructura-escolar\/","title":{"rendered":"\u00abDesde 2019, el Gobierno bonaerense aument\u00f3 435% la inversi\u00f3n en infraestructura escolar\u00bb"},"content":{"rendered":"<p>El director general de Cultura y Educaci\u00f3n bonaerense destac\u00f3 que este crecimiento en la inversi\u00f3n escolar se suma a\u00a0las m\u00e1s de 5100 obras de mantenimiento y refacci\u00f3n, as\u00ed como a la apertura de 130 nuevos edificios educativos en toda la Provincia.El director general de Cultura y Educaci\u00f3n bonaerense destac\u00f3 que este crecimiento en la inversi\u00f3n escolar se suma a\u00a0las m\u00e1s de 5100 obras de mantenimiento y refacci\u00f3n, as\u00ed como a la apertura de 130 nuevos edificios educativos en toda la Provincia.<\/p>\n","protected":false},"excerpt":{"rendered":"<p>El director general de Cultura y Educaci\u00f3n bonaerense destac\u00f3 que este crecimiento en la inversi\u00f3n&#8230;<\/p>\n","protected":false},"author":2,"featured_media":161732,"comment_status":"open","ping_status":"open","sticky":false,"template":"","format":"standard","meta":{"footnotes":""},"categories":[2],"tags":[],"class_list":["post-161731","post","type-post","status-publish","format-standard","has-post-thumbnail","hentry","category-politica"],"featured_image_urls":{"full":"","thumbnail":"","medium":"","medium_large":"","large":"","1536x1536":"","2048x2048":"","newsium-slider-full":"","newsium-featured":"","newsium-medium":""},"author_info":{"info":["c1500921"]},"category_info":"<a href=\"https:\/\/radiofenix.com.ar\/2023\/category\/politica\/\" rel=\"category tag\">Pol\u00edtica<\/a>","tag_info":"Pol\u00edtica","comment_count":"0","_links":{"self":[{"href":"https:\/\/radiofenix.com.ar\/2023\/wp-json\/wp\/v2\/posts\/161731","targetHints":{"allow":["GET"]}}],"collection":[{"href":"https:\/\/radiofenix.com.ar\/2023\/wp-json\/wp\/v2\/posts"}],"about":[{"href":"https:\/\/radiofenix.com.ar\/2023\/wp-json\/wp\/v2\/types\/post"}],"author":[{"embeddable":true,"href":"https:\/\/radiofenix.com.ar\/2023\/wp-json\/wp\/v2\/users\/2"}],"replies":[{"embeddable":true,"href":"https:\/\/radiofenix.com.ar\/2023\/wp-json\/wp\/v2\/comments?post=161731"}],"version-history":[{"count":0,"href":"https:\/\/radiofenix.com.ar\/2023\/wp-json\/wp\/v2\/posts\/161731\/revisions"}],"wp:featuredmedia":[{"embeddable":true,"href":"https:\/\/radiofenix.com.ar\/2023\/wp-json\/"}],"wp:attachment":[{"href":"https:\/\/radiofenix.com.ar\/2023\/wp-json\/wp\/v2\/media?parent=161731"}],"wp:term":[{"taxonomy":"category","embeddable":true,"href":"https:\/\/radiofenix.com.ar\/2023\/wp-json\/wp\/v2\/categories?post=161731"},{"taxonomy":"post_tag","embeddable":true,"href":"https:\/\/radiofenix.com.ar\/2023\/wp-json\/wp\/v2\/tags?post=161731"}],"curies":[{"name":"wp","href":"https:\/\/api.w.org\/{rel}","templated":true}]}}