{"id":161735,"date":"2023-02-03T15:53:00","date_gmt":"2023-02-03T15:53:00","guid":{"rendered":"http:\/\/radiofenix.com.ar\/ypf-luz-invertira-mas-de-us-260-millones-en-un-nuevo-parque-eolico\/"},"modified":"2023-02-03T15:53:00","modified_gmt":"2023-02-03T15:53:00","slug":"ypf-luz-invertira-mas-de-us-260-millones-en-un-nuevo-parque-eolico","status":"publish","type":"post","link":"https:\/\/radiofenix.com.ar\/2023\/ypf-luz-invertira-mas-de-us-260-millones-en-un-nuevo-parque-eolico\/","title":{"rendered":"YPF Luz invertir\u00e1 m\u00e1s de US$ 260 millones en un nuevo parque e\u00f3lico"},"content":{"rendered":"<p>El nuevo parque, que estar\u00e1 ubicado en General Levalle, evitar\u00e1 la emisi\u00f3n de m\u00e1s de 350.000 toneladas de di\u00f3xido de carbono equivalente por a\u00f1o, y la compa\u00f1\u00eda alcanzar\u00e1 m\u00e1s de 650 MW en energ\u00edas renovables.<\/p>\n","protected":false},"excerpt":{"rendered":"<p>El nuevo parque, que estar\u00e1 ubicado en General Levalle, evitar\u00e1 la emisi\u00f3n de m\u00e1s de&#8230;<\/p>\n","protected":false},"author":2,"featured_media":161736,"comment_status":"open","ping_status":"open","sticky":false,"template":"","format":"standard","meta":{"footnotes":""},"categories":[5],"tags":[],"class_list":["post-161735","post","type-post","status-publish","format-standard","has-post-thumbnail","hentry","category-economia"],"featured_image_urls":{"full":"","thumbnail":"","medium":"","medium_large":"","large":"","1536x1536":"","2048x2048":"","newsium-slider-full":"","newsium-featured":"","newsium-medium":""},"author_info":{"info":["c1500921"]},"category_info":"<a href=\"https:\/\/radiofenix.com.ar\/2023\/category\/economia\/\" rel=\"category tag\">Economia<\/a>","tag_info":"Economia","comment_count":"0","_links":{"self":[{"href":"https:\/\/radiofenix.com.ar\/2023\/wp-json\/wp\/v2\/posts\/161735","targetHints":{"allow":["GET"]}}],"collection":[{"href":"https:\/\/radiofenix.com.ar\/2023\/wp-json\/wp\/v2\/posts"}],"about":[{"href":"https:\/\/radiofenix.com.ar\/2023\/wp-json\/wp\/v2\/types\/post"}],"author":[{"embeddable":true,"href":"https:\/\/radiofenix.com.ar\/2023\/wp-json\/wp\/v2\/users\/2"}],"replies":[{"embeddable":true,"href":"https:\/\/radiofenix.com.ar\/2023\/wp-json\/wp\/v2\/comments?post=161735"}],"version-history":[{"count":0,"href":"https:\/\/radiofenix.com.ar\/2023\/wp-json\/wp\/v2\/posts\/161735\/revisions"}],"wp:featuredmedia":[{"embeddable":true,"href":"https:\/\/radiofenix.com.ar\/2023\/wp-json\/"}],"wp:attachment":[{"href":"https:\/\/radiofenix.com.ar\/2023\/wp-json\/wp\/v2\/media?parent=161735"}],"wp:term":[{"taxonomy":"category","embeddable":true,"href":"https:\/\/radiofenix.com.ar\/2023\/wp-json\/wp\/v2\/categories?post=161735"},{"taxonomy":"post_tag","embeddable":true,"href":"https:\/\/radiofenix.com.ar\/2023\/wp-json\/wp\/v2\/tags?post=161735"}],"curies":[{"name":"wp","href":"https:\/\/api.w.org\/{rel}","templated":true}]}}