{"id":161749,"date":"2023-02-03T17:05:36","date_gmt":"2023-02-03T17:05:36","guid":{"rendered":"http:\/\/radiofenix.com.ar\/german-martinez-se-va-consolidando-el-camino-del-juicio-politico-a-la-corte\/"},"modified":"2023-02-03T17:05:36","modified_gmt":"2023-02-03T17:05:36","slug":"german-martinez-se-va-consolidando-el-camino-del-juicio-politico-a-la-corte","status":"publish","type":"post","link":"https:\/\/radiofenix.com.ar\/2023\/german-martinez-se-va-consolidando-el-camino-del-juicio-politico-a-la-corte\/","title":{"rendered":"Germ\u00e1n Mart\u00ednez: \u00abSe va consolidando el camino del juicio pol\u00edtico a la Corte\u00bb"},"content":{"rendered":"<p>\u00abQued\u00f3 en claro que estamos haciendo uso de una herramienta prevista dentro de la Constituci\u00f3n Nacional&amp;rdquo;, asegur\u00f3 el titular del boque de diputados del FdT tras la ratificaci\u00f3n de las denuncias contra los integrantes del m\u00e1ximo tribunal.\u00bbQued\u00f3 en claro que estamos haciendo uso de una herramienta prevista dentro de la Constituci\u00f3n Nacional&amp;rdquo;, asegur\u00f3 el titular del boque de diputados del FdT tras la ratificaci\u00f3n de las denuncias contra los integrantes del m\u00e1ximo tribunal.<\/p>\n","protected":false},"excerpt":{"rendered":"<p>\u00abQued\u00f3 en claro que estamos haciendo uso de una herramienta prevista dentro de la Constituci\u00f3n&#8230;<\/p>\n","protected":false},"author":2,"featured_media":161750,"comment_status":"open","ping_status":"open","sticky":false,"template":"","format":"standard","meta":{"footnotes":""},"categories":[2],"tags":[],"class_list":["post-161749","post","type-post","status-publish","format-standard","has-post-thumbnail","hentry","category-politica"],"featured_image_urls":{"full":"","thumbnail":"","medium":"","medium_large":"","large":"","1536x1536":"","2048x2048":"","newsium-slider-full":"","newsium-featured":"","newsium-medium":""},"author_info":{"info":["c1500921"]},"category_info":"<a href=\"https:\/\/radiofenix.com.ar\/2023\/category\/politica\/\" rel=\"category tag\">Pol\u00edtica<\/a>","tag_info":"Pol\u00edtica","comment_count":"0","_links":{"self":[{"href":"https:\/\/radiofenix.com.ar\/2023\/wp-json\/wp\/v2\/posts\/161749","targetHints":{"allow":["GET"]}}],"collection":[{"href":"https:\/\/radiofenix.com.ar\/2023\/wp-json\/wp\/v2\/posts"}],"about":[{"href":"https:\/\/radiofenix.com.ar\/2023\/wp-json\/wp\/v2\/types\/post"}],"author":[{"embeddable":true,"href":"https:\/\/radiofenix.com.ar\/2023\/wp-json\/wp\/v2\/users\/2"}],"replies":[{"embeddable":true,"href":"https:\/\/radiofenix.com.ar\/2023\/wp-json\/wp\/v2\/comments?post=161749"}],"version-history":[{"count":0,"href":"https:\/\/radiofenix.com.ar\/2023\/wp-json\/wp\/v2\/posts\/161749\/revisions"}],"wp:featuredmedia":[{"embeddable":true,"href":"https:\/\/radiofenix.com.ar\/2023\/wp-json\/"}],"wp:attachment":[{"href":"https:\/\/radiofenix.com.ar\/2023\/wp-json\/wp\/v2\/media?parent=161749"}],"wp:term":[{"taxonomy":"category","embeddable":true,"href":"https:\/\/radiofenix.com.ar\/2023\/wp-json\/wp\/v2\/categories?post=161749"},{"taxonomy":"post_tag","embeddable":true,"href":"https:\/\/radiofenix.com.ar\/2023\/wp-json\/wp\/v2\/tags?post=161749"}],"curies":[{"name":"wp","href":"https:\/\/api.w.org\/{rel}","templated":true}]}}