{"id":161757,"date":"2023-02-03T18:32:00","date_gmt":"2023-02-03T18:32:00","guid":{"rendered":"http:\/\/radiofenix.com.ar\/con-corsos-y-desfiles-arranca-el-carnaval-en-la-ciudad-de-buenos-aires\/"},"modified":"2023-02-03T18:32:00","modified_gmt":"2023-02-03T18:32:00","slug":"con-corsos-y-desfiles-arranca-el-carnaval-en-la-ciudad-de-buenos-aires","status":"publish","type":"post","link":"https:\/\/radiofenix.com.ar\/2023\/con-corsos-y-desfiles-arranca-el-carnaval-en-la-ciudad-de-buenos-aires\/","title":{"rendered":"Con corsos y desfiles, arranca el carnaval en la ciudad de Buenos Aires"},"content":{"rendered":"<p>M\u00e1s de 100 murgas comenzar\u00e1n los festejos en los distintos barrios porte\u00f1os que se realizar\u00e1n desde las 19 y hasta las dos de la madrugada los s\u00e1bados y el lunes 20 y hasta la medianoche los domingos y martes 21 de carnaval.M\u00e1s de 100 murgas comenzar\u00e1n los festejos en los distintos barrios porte\u00f1os que se realizar\u00e1n desde las 19 y hasta las dos de la madrugada los s\u00e1bados y el lunes 20 y hasta la medianoche los domingos y martes 21 de carnaval.<\/p>\n","protected":false},"excerpt":{"rendered":"<p>M\u00e1s de 100 murgas comenzar\u00e1n los festejos en los distintos barrios porte\u00f1os que se realizar\u00e1n&#8230;<\/p>\n","protected":false},"author":2,"featured_media":161758,"comment_status":"open","ping_status":"open","sticky":false,"template":"","format":"standard","meta":{"footnotes":""},"categories":[4],"tags":[],"class_list":["post-161757","post","type-post","status-publish","format-standard","has-post-thumbnail","hentry","category-espectaculos"],"featured_image_urls":{"full":"","thumbnail":"","medium":"","medium_large":"","large":"","1536x1536":"","2048x2048":"","newsium-slider-full":"","newsium-featured":"","newsium-medium":""},"author_info":{"info":["c1500921"]},"category_info":"<a href=\"https:\/\/radiofenix.com.ar\/2023\/category\/espectaculos\/\" rel=\"category tag\">Espectaculos<\/a>","tag_info":"Espectaculos","comment_count":"0","_links":{"self":[{"href":"https:\/\/radiofenix.com.ar\/2023\/wp-json\/wp\/v2\/posts\/161757","targetHints":{"allow":["GET"]}}],"collection":[{"href":"https:\/\/radiofenix.com.ar\/2023\/wp-json\/wp\/v2\/posts"}],"about":[{"href":"https:\/\/radiofenix.com.ar\/2023\/wp-json\/wp\/v2\/types\/post"}],"author":[{"embeddable":true,"href":"https:\/\/radiofenix.com.ar\/2023\/wp-json\/wp\/v2\/users\/2"}],"replies":[{"embeddable":true,"href":"https:\/\/radiofenix.com.ar\/2023\/wp-json\/wp\/v2\/comments?post=161757"}],"version-history":[{"count":0,"href":"https:\/\/radiofenix.com.ar\/2023\/wp-json\/wp\/v2\/posts\/161757\/revisions"}],"wp:featuredmedia":[{"embeddable":true,"href":"https:\/\/radiofenix.com.ar\/2023\/wp-json\/"}],"wp:attachment":[{"href":"https:\/\/radiofenix.com.ar\/2023\/wp-json\/wp\/v2\/media?parent=161757"}],"wp:term":[{"taxonomy":"category","embeddable":true,"href":"https:\/\/radiofenix.com.ar\/2023\/wp-json\/wp\/v2\/categories?post=161757"},{"taxonomy":"post_tag","embeddable":true,"href":"https:\/\/radiofenix.com.ar\/2023\/wp-json\/wp\/v2\/tags?post=161757"}],"curies":[{"name":"wp","href":"https:\/\/api.w.org\/{rel}","templated":true}]}}