{"id":161819,"date":"2023-02-04T00:04:03","date_gmt":"2023-02-04T00:04:03","guid":{"rendered":"http:\/\/radiofenix.com.ar\/incesantes-gestiones-para-prevenir-hechos-de-violencia-en-lago-escondido\/"},"modified":"2023-02-04T00:04:03","modified_gmt":"2023-02-04T00:04:03","slug":"incesantes-gestiones-para-prevenir-hechos-de-violencia-en-lago-escondido","status":"publish","type":"post","link":"https:\/\/radiofenix.com.ar\/2023\/incesantes-gestiones-para-prevenir-hechos-de-violencia-en-lago-escondido\/","title":{"rendered":"Incesantes gestiones para prevenir \u00abhechos de violencia\u00bb en Lago Escondido"},"content":{"rendered":"<p>\u00abSeguimos insistiendo en resguardar la vida de nuestros compa\u00f1eros y compa\u00f1eras\u00bb, dijo a T\u00e9lam Julio C\u00e9sar Urien, presidente de la Fundaci\u00f3n Interactiva para Promover la Cultura del Agua (Fipca).\u00a0El cura Francisco \u00abPaco\u00bb Olveira y el ex combatiente Gustavo Bellido cumplieron las primeras 24 horas de una huelga de hambre.\u00bbSeguimos insistiendo en resguardar la vida de nuestros compa\u00f1eros y compa\u00f1eras\u00bb, dijo a T\u00e9lam Julio C\u00e9sar Urien, presidente de la Fundaci\u00f3n Interactiva para Promover la Cultura del Agua (Fipca).\u00a0El cura Francisco \u00abPaco\u00bb Olveira y el ex combatiente Gustavo Bellido cumplieron las primeras 24 horas de una huelga de hambre.<\/p>\n","protected":false},"excerpt":{"rendered":"<p>\u00abSeguimos insistiendo en resguardar la vida de nuestros compa\u00f1eros y compa\u00f1eras\u00bb, dijo a T\u00e9lam Julio&#8230;<\/p>\n","protected":false},"author":2,"featured_media":161820,"comment_status":"open","ping_status":"open","sticky":false,"template":"","format":"standard","meta":{"footnotes":""},"categories":[2],"tags":[],"class_list":["post-161819","post","type-post","status-publish","format-standard","has-post-thumbnail","hentry","category-politica"],"featured_image_urls":{"full":"","thumbnail":"","medium":"","medium_large":"","large":"","1536x1536":"","2048x2048":"","newsium-slider-full":"","newsium-featured":"","newsium-medium":""},"author_info":{"info":["c1500921"]},"category_info":"<a href=\"https:\/\/radiofenix.com.ar\/2023\/category\/politica\/\" rel=\"category tag\">Pol\u00edtica<\/a>","tag_info":"Pol\u00edtica","comment_count":"0","_links":{"self":[{"href":"https:\/\/radiofenix.com.ar\/2023\/wp-json\/wp\/v2\/posts\/161819","targetHints":{"allow":["GET"]}}],"collection":[{"href":"https:\/\/radiofenix.com.ar\/2023\/wp-json\/wp\/v2\/posts"}],"about":[{"href":"https:\/\/radiofenix.com.ar\/2023\/wp-json\/wp\/v2\/types\/post"}],"author":[{"embeddable":true,"href":"https:\/\/radiofenix.com.ar\/2023\/wp-json\/wp\/v2\/users\/2"}],"replies":[{"embeddable":true,"href":"https:\/\/radiofenix.com.ar\/2023\/wp-json\/wp\/v2\/comments?post=161819"}],"version-history":[{"count":0,"href":"https:\/\/radiofenix.com.ar\/2023\/wp-json\/wp\/v2\/posts\/161819\/revisions"}],"wp:featuredmedia":[{"embeddable":true,"href":"https:\/\/radiofenix.com.ar\/2023\/wp-json\/"}],"wp:attachment":[{"href":"https:\/\/radiofenix.com.ar\/2023\/wp-json\/wp\/v2\/media?parent=161819"}],"wp:term":[{"taxonomy":"category","embeddable":true,"href":"https:\/\/radiofenix.com.ar\/2023\/wp-json\/wp\/v2\/categories?post=161819"},{"taxonomy":"post_tag","embeddable":true,"href":"https:\/\/radiofenix.com.ar\/2023\/wp-json\/wp\/v2\/tags?post=161819"}],"curies":[{"name":"wp","href":"https:\/\/api.w.org\/{rel}","templated":true}]}}