{"id":161821,"date":"2023-02-04T00:04:04","date_gmt":"2023-02-04T00:04:04","guid":{"rendered":"http:\/\/radiofenix.com.ar\/los-trabajadores-de-los-call-center-lograron-un-aumento-del-229-por-ciento\/"},"modified":"2023-02-04T00:04:04","modified_gmt":"2023-02-04T00:04:04","slug":"los-trabajadores-de-los-call-center-lograron-un-aumento-del-229-por-ciento","status":"publish","type":"post","link":"https:\/\/radiofenix.com.ar\/2023\/los-trabajadores-de-los-call-center-lograron-un-aumento-del-229-por-ciento\/","title":{"rendered":"Los trabajadores de los call center lograron un aumento del 22,9 por ciento"},"content":{"rendered":"<p>El acuerdo fue alcanzado por la Federaci\u00f3n Argentina de Empleados de Comercio y Servicios (Faecys) y la C\u00e1mara Argentina de Centros de Contacto.\u00a0Los incrementos ser\u00e1n del 13% en febrero y 9,9% en marzo e incluir\u00e1n el pago del bono de 24 mil pesos establecido por el Gobierno.El acuerdo fue alcanzado por la Federaci\u00f3n Argentina de Empleados de Comercio y Servicios (Faecys) y la C\u00e1mara Argentina de Centros de Contacto.\u00a0Los incrementos ser\u00e1n del 13% en febrero y 9,9% en marzo e incluir\u00e1n el pago del bono de 24 mil pesos establecido por el Gobierno.<\/p>\n","protected":false},"excerpt":{"rendered":"<p>El acuerdo fue alcanzado por la Federaci\u00f3n Argentina de Empleados de Comercio y Servicios (Faecys)&#8230;<\/p>\n","protected":false},"author":2,"featured_media":161822,"comment_status":"open","ping_status":"open","sticky":false,"template":"","format":"standard","meta":{"footnotes":""},"categories":[2],"tags":[],"class_list":["post-161821","post","type-post","status-publish","format-standard","has-post-thumbnail","hentry","category-politica"],"featured_image_urls":{"full":"","thumbnail":"","medium":"","medium_large":"","large":"","1536x1536":"","2048x2048":"","newsium-slider-full":"","newsium-featured":"","newsium-medium":""},"author_info":{"info":["c1500921"]},"category_info":"<a href=\"https:\/\/radiofenix.com.ar\/2023\/category\/politica\/\" rel=\"category tag\">Pol\u00edtica<\/a>","tag_info":"Pol\u00edtica","comment_count":"0","_links":{"self":[{"href":"https:\/\/radiofenix.com.ar\/2023\/wp-json\/wp\/v2\/posts\/161821","targetHints":{"allow":["GET"]}}],"collection":[{"href":"https:\/\/radiofenix.com.ar\/2023\/wp-json\/wp\/v2\/posts"}],"about":[{"href":"https:\/\/radiofenix.com.ar\/2023\/wp-json\/wp\/v2\/types\/post"}],"author":[{"embeddable":true,"href":"https:\/\/radiofenix.com.ar\/2023\/wp-json\/wp\/v2\/users\/2"}],"replies":[{"embeddable":true,"href":"https:\/\/radiofenix.com.ar\/2023\/wp-json\/wp\/v2\/comments?post=161821"}],"version-history":[{"count":0,"href":"https:\/\/radiofenix.com.ar\/2023\/wp-json\/wp\/v2\/posts\/161821\/revisions"}],"wp:featuredmedia":[{"embeddable":true,"href":"https:\/\/radiofenix.com.ar\/2023\/wp-json\/"}],"wp:attachment":[{"href":"https:\/\/radiofenix.com.ar\/2023\/wp-json\/wp\/v2\/media?parent=161821"}],"wp:term":[{"taxonomy":"category","embeddable":true,"href":"https:\/\/radiofenix.com.ar\/2023\/wp-json\/wp\/v2\/categories?post=161821"},{"taxonomy":"post_tag","embeddable":true,"href":"https:\/\/radiofenix.com.ar\/2023\/wp-json\/wp\/v2\/tags?post=161821"}],"curies":[{"name":"wp","href":"https:\/\/api.w.org\/{rel}","templated":true}]}}