{"id":161823,"date":"2023-02-04T00:04:04","date_gmt":"2023-02-04T00:04:04","guid":{"rendered":"http:\/\/radiofenix.com.ar\/convocan-a-la-paritaria-nacional-docente-para-el-jueves-9-de-febrero\/"},"modified":"2023-02-04T00:04:04","modified_gmt":"2023-02-04T00:04:04","slug":"convocan-a-la-paritaria-nacional-docente-para-el-jueves-9-de-febrero","status":"publish","type":"post","link":"https:\/\/radiofenix.com.ar\/2023\/convocan-a-la-paritaria-nacional-docente-para-el-jueves-9-de-febrero\/","title":{"rendered":"Convocan a la paritaria nacional docente para el jueves 9 de febrero"},"content":{"rendered":"<p>Tanto en Ciudad como en Naci\u00f3n reclamar\u00e1n, informaron, un aumento que supere la inflaci\u00f3n \u00abpara continuar la recuperaci\u00f3n del poder adquisitivo iniciada en 2021, luego de 5 a\u00f1os consecutivos en los que el salario docente no super\u00f3 los \u00edndices inflacionarios\u00bb.Tanto en Ciudad como en Naci\u00f3n reclamar\u00e1n, informaron, un aumento que supere la inflaci\u00f3n \u00abpara continuar la recuperaci\u00f3n del poder adquisitivo iniciada en 2021, luego de 5 a\u00f1os consecutivos en los que el salario docente no super\u00f3 los \u00edndices inflacionarios\u00bb.<\/p>\n","protected":false},"excerpt":{"rendered":"<p>Tanto en Ciudad como en Naci\u00f3n reclamar\u00e1n, informaron, un aumento que supere la inflaci\u00f3n \u00abpara&#8230;<\/p>\n","protected":false},"author":2,"featured_media":161824,"comment_status":"open","ping_status":"open","sticky":false,"template":"","format":"standard","meta":{"footnotes":""},"categories":[2],"tags":[],"class_list":["post-161823","post","type-post","status-publish","format-standard","has-post-thumbnail","hentry","category-politica"],"featured_image_urls":{"full":"","thumbnail":"","medium":"","medium_large":"","large":"","1536x1536":"","2048x2048":"","newsium-slider-full":"","newsium-featured":"","newsium-medium":""},"author_info":{"info":["c1500921"]},"category_info":"<a href=\"https:\/\/radiofenix.com.ar\/2023\/category\/politica\/\" rel=\"category tag\">Pol\u00edtica<\/a>","tag_info":"Pol\u00edtica","comment_count":"0","_links":{"self":[{"href":"https:\/\/radiofenix.com.ar\/2023\/wp-json\/wp\/v2\/posts\/161823","targetHints":{"allow":["GET"]}}],"collection":[{"href":"https:\/\/radiofenix.com.ar\/2023\/wp-json\/wp\/v2\/posts"}],"about":[{"href":"https:\/\/radiofenix.com.ar\/2023\/wp-json\/wp\/v2\/types\/post"}],"author":[{"embeddable":true,"href":"https:\/\/radiofenix.com.ar\/2023\/wp-json\/wp\/v2\/users\/2"}],"replies":[{"embeddable":true,"href":"https:\/\/radiofenix.com.ar\/2023\/wp-json\/wp\/v2\/comments?post=161823"}],"version-history":[{"count":0,"href":"https:\/\/radiofenix.com.ar\/2023\/wp-json\/wp\/v2\/posts\/161823\/revisions"}],"wp:featuredmedia":[{"embeddable":true,"href":"https:\/\/radiofenix.com.ar\/2023\/wp-json\/"}],"wp:attachment":[{"href":"https:\/\/radiofenix.com.ar\/2023\/wp-json\/wp\/v2\/media?parent=161823"}],"wp:term":[{"taxonomy":"category","embeddable":true,"href":"https:\/\/radiofenix.com.ar\/2023\/wp-json\/wp\/v2\/categories?post=161823"},{"taxonomy":"post_tag","embeddable":true,"href":"https:\/\/radiofenix.com.ar\/2023\/wp-json\/wp\/v2\/tags?post=161823"}],"curies":[{"name":"wp","href":"https:\/\/api.w.org\/{rel}","templated":true}]}}