{"id":161837,"date":"2023-02-04T00:04:10","date_gmt":"2023-02-04T00:04:10","guid":{"rendered":"http:\/\/radiofenix.com.ar\/aparicio-el-horario-diurno-de-los-partidos-garantiza-la-seguridad-en-los-estadios\/"},"modified":"2023-02-04T00:04:10","modified_gmt":"2023-02-04T00:04:10","slug":"aparicio-el-horario-diurno-de-los-partidos-garantiza-la-seguridad-en-los-estadios","status":"publish","type":"post","link":"https:\/\/radiofenix.com.ar\/2023\/aparicio-el-horario-diurno-de-los-partidos-garantiza-la-seguridad-en-los-estadios\/","title":{"rendered":"Aparicio: \u00abEl horario diurno de los partidos garantiza la seguridad en los estadios\u00bb"},"content":{"rendered":"<p>El titular de la Agencia de Prevenci\u00f3n de Violencia en el Deporte (Aprevide) se refiri\u00f3 al cambio de horario y otras disposiciones para reforzar la seguridad en el partido que disputar\u00e1n el lunes pr\u00f3ximo Gimnasia y Esgrima como local ante Defensa y Justicia, a las 18 por la 2da. fecha de la Liga Profesional de F\u00fatbol (LPF).<\/p>\n","protected":false},"excerpt":{"rendered":"<p>El titular de la Agencia de Prevenci\u00f3n de Violencia en el Deporte (Aprevide) se refiri\u00f3&#8230;<\/p>\n","protected":false},"author":2,"featured_media":161838,"comment_status":"open","ping_status":"open","sticky":false,"template":"","format":"standard","meta":{"footnotes":""},"categories":[3],"tags":[],"class_list":["post-161837","post","type-post","status-publish","format-standard","has-post-thumbnail","hentry","category-deportes"],"featured_image_urls":{"full":"","thumbnail":"","medium":"","medium_large":"","large":"","1536x1536":"","2048x2048":"","newsium-slider-full":"","newsium-featured":"","newsium-medium":""},"author_info":{"info":["c1500921"]},"category_info":"<a href=\"https:\/\/radiofenix.com.ar\/2023\/category\/deportes\/\" rel=\"category tag\">Deportes<\/a>","tag_info":"Deportes","comment_count":"0","_links":{"self":[{"href":"https:\/\/radiofenix.com.ar\/2023\/wp-json\/wp\/v2\/posts\/161837","targetHints":{"allow":["GET"]}}],"collection":[{"href":"https:\/\/radiofenix.com.ar\/2023\/wp-json\/wp\/v2\/posts"}],"about":[{"href":"https:\/\/radiofenix.com.ar\/2023\/wp-json\/wp\/v2\/types\/post"}],"author":[{"embeddable":true,"href":"https:\/\/radiofenix.com.ar\/2023\/wp-json\/wp\/v2\/users\/2"}],"replies":[{"embeddable":true,"href":"https:\/\/radiofenix.com.ar\/2023\/wp-json\/wp\/v2\/comments?post=161837"}],"version-history":[{"count":0,"href":"https:\/\/radiofenix.com.ar\/2023\/wp-json\/wp\/v2\/posts\/161837\/revisions"}],"wp:featuredmedia":[{"embeddable":true,"href":"https:\/\/radiofenix.com.ar\/2023\/wp-json\/"}],"wp:attachment":[{"href":"https:\/\/radiofenix.com.ar\/2023\/wp-json\/wp\/v2\/media?parent=161837"}],"wp:term":[{"taxonomy":"category","embeddable":true,"href":"https:\/\/radiofenix.com.ar\/2023\/wp-json\/wp\/v2\/categories?post=161837"},{"taxonomy":"post_tag","embeddable":true,"href":"https:\/\/radiofenix.com.ar\/2023\/wp-json\/wp\/v2\/tags?post=161837"}],"curies":[{"name":"wp","href":"https:\/\/api.w.org\/{rel}","templated":true}]}}