{"id":161841,"date":"2023-02-04T01:04:28","date_gmt":"2023-02-04T01:04:28","guid":{"rendered":"http:\/\/radiofenix.com.ar\/miguel-merentiel-voy-a-dejar-la-vida-por-boca-juniors\/"},"modified":"2023-02-04T01:04:28","modified_gmt":"2023-02-04T01:04:28","slug":"miguel-merentiel-voy-a-dejar-la-vida-por-boca-juniors","status":"publish","type":"post","link":"https:\/\/radiofenix.com.ar\/2023\/miguel-merentiel-voy-a-dejar-la-vida-por-boca-juniors\/","title":{"rendered":"Miguel Merentiel: \u00abVoy a dejar la vida por Boca Juniors\u00bb"},"content":{"rendered":"<p>El delantero uruguayo, de 26 a\u00f1os, que proviene del Palmeiras y que en Argentina jug\u00f3 en\u00a0Defensa y Justicia y Godoy Cruz, fue presentado en forma oficial en el club de la Ribera, donde tendr\u00e1 un contrato de un a\u00f1o y una opci\u00f3n de compra de US$ 3 millones.<\/p>\n","protected":false},"excerpt":{"rendered":"<p>El delantero uruguayo, de 26 a\u00f1os, que proviene del Palmeiras y que en Argentina jug\u00f3&#8230;<\/p>\n","protected":false},"author":2,"featured_media":161842,"comment_status":"open","ping_status":"open","sticky":false,"template":"","format":"standard","meta":{"footnotes":""},"categories":[3],"tags":[],"class_list":["post-161841","post","type-post","status-publish","format-standard","has-post-thumbnail","hentry","category-deportes"],"featured_image_urls":{"full":"","thumbnail":"","medium":"","medium_large":"","large":"","1536x1536":"","2048x2048":"","newsium-slider-full":"","newsium-featured":"","newsium-medium":""},"author_info":{"info":["c1500921"]},"category_info":"<a href=\"https:\/\/radiofenix.com.ar\/2023\/category\/deportes\/\" rel=\"category tag\">Deportes<\/a>","tag_info":"Deportes","comment_count":"0","_links":{"self":[{"href":"https:\/\/radiofenix.com.ar\/2023\/wp-json\/wp\/v2\/posts\/161841","targetHints":{"allow":["GET"]}}],"collection":[{"href":"https:\/\/radiofenix.com.ar\/2023\/wp-json\/wp\/v2\/posts"}],"about":[{"href":"https:\/\/radiofenix.com.ar\/2023\/wp-json\/wp\/v2\/types\/post"}],"author":[{"embeddable":true,"href":"https:\/\/radiofenix.com.ar\/2023\/wp-json\/wp\/v2\/users\/2"}],"replies":[{"embeddable":true,"href":"https:\/\/radiofenix.com.ar\/2023\/wp-json\/wp\/v2\/comments?post=161841"}],"version-history":[{"count":0,"href":"https:\/\/radiofenix.com.ar\/2023\/wp-json\/wp\/v2\/posts\/161841\/revisions"}],"wp:featuredmedia":[{"embeddable":true,"href":"https:\/\/radiofenix.com.ar\/2023\/wp-json\/"}],"wp:attachment":[{"href":"https:\/\/radiofenix.com.ar\/2023\/wp-json\/wp\/v2\/media?parent=161841"}],"wp:term":[{"taxonomy":"category","embeddable":true,"href":"https:\/\/radiofenix.com.ar\/2023\/wp-json\/wp\/v2\/categories?post=161841"},{"taxonomy":"post_tag","embeddable":true,"href":"https:\/\/radiofenix.com.ar\/2023\/wp-json\/wp\/v2\/tags?post=161841"}],"curies":[{"name":"wp","href":"https:\/\/api.w.org\/{rel}","templated":true}]}}