{"id":161845,"date":"2023-02-04T02:04:33","date_gmt":"2023-02-04T02:04:33","guid":{"rendered":"http:\/\/radiofenix.com.ar\/lago-escondido-sigue-el-acampe-tras-el-fracaso-del-dialogo-para-trasladar-manifestantes\/"},"modified":"2023-02-04T02:04:33","modified_gmt":"2023-02-04T02:04:33","slug":"lago-escondido-sigue-el-acampe-tras-el-fracaso-del-dialogo-para-trasladar-manifestantes","status":"publish","type":"post","link":"https:\/\/radiofenix.com.ar\/2023\/lago-escondido-sigue-el-acampe-tras-el-fracaso-del-dialogo-para-trasladar-manifestantes\/","title":{"rendered":"Lago Escondido: sigue el acampe tras el fracaso del di\u00e1logo para trasladar manifestantes"},"content":{"rendered":"<p>Los integrantes de la S\u00e9ptima Marcha por la Soberan\u00eda mantuvieron gestiones con autoridades nacionales y de R\u00edo Negro para\u00a0prevenir eventuales \u00abhechos de violencia\u00bb.\u00a0Una vez que se concrete el traslado hacia El Bols\u00f3n, tienen previsto dar por concluida esta semana de protestas para liberar el camino p\u00fablico del Tacuif\u00ed, que permanece cerrado.Los integrantes de la S\u00e9ptima Marcha por la Soberan\u00eda mantuvieron gestiones con autoridades nacionales y de R\u00edo Negro para\u00a0prevenir eventuales \u00abhechos de violencia\u00bb.\u00a0Una vez que se concrete el traslado hacia El Bols\u00f3n, tienen previsto dar por concluida esta semana de protestas para liberar el camino p\u00fablico del Tacuif\u00ed, que permanece cerrado.<\/p>\n","protected":false},"excerpt":{"rendered":"<p>Los integrantes de la S\u00e9ptima Marcha por la Soberan\u00eda mantuvieron gestiones con autoridades nacionales y&#8230;<\/p>\n","protected":false},"author":2,"featured_media":161846,"comment_status":"open","ping_status":"open","sticky":false,"template":"","format":"standard","meta":{"footnotes":""},"categories":[2],"tags":[],"class_list":["post-161845","post","type-post","status-publish","format-standard","has-post-thumbnail","hentry","category-politica"],"featured_image_urls":{"full":"","thumbnail":"","medium":"","medium_large":"","large":"","1536x1536":"","2048x2048":"","newsium-slider-full":"","newsium-featured":"","newsium-medium":""},"author_info":{"info":["c1500921"]},"category_info":"<a href=\"https:\/\/radiofenix.com.ar\/2023\/category\/politica\/\" rel=\"category tag\">Pol\u00edtica<\/a>","tag_info":"Pol\u00edtica","comment_count":"0","_links":{"self":[{"href":"https:\/\/radiofenix.com.ar\/2023\/wp-json\/wp\/v2\/posts\/161845","targetHints":{"allow":["GET"]}}],"collection":[{"href":"https:\/\/radiofenix.com.ar\/2023\/wp-json\/wp\/v2\/posts"}],"about":[{"href":"https:\/\/radiofenix.com.ar\/2023\/wp-json\/wp\/v2\/types\/post"}],"author":[{"embeddable":true,"href":"https:\/\/radiofenix.com.ar\/2023\/wp-json\/wp\/v2\/users\/2"}],"replies":[{"embeddable":true,"href":"https:\/\/radiofenix.com.ar\/2023\/wp-json\/wp\/v2\/comments?post=161845"}],"version-history":[{"count":0,"href":"https:\/\/radiofenix.com.ar\/2023\/wp-json\/wp\/v2\/posts\/161845\/revisions"}],"wp:featuredmedia":[{"embeddable":true,"href":"https:\/\/radiofenix.com.ar\/2023\/wp-json\/"}],"wp:attachment":[{"href":"https:\/\/radiofenix.com.ar\/2023\/wp-json\/wp\/v2\/media?parent=161845"}],"wp:term":[{"taxonomy":"category","embeddable":true,"href":"https:\/\/radiofenix.com.ar\/2023\/wp-json\/wp\/v2\/categories?post=161845"},{"taxonomy":"post_tag","embeddable":true,"href":"https:\/\/radiofenix.com.ar\/2023\/wp-json\/wp\/v2\/tags?post=161845"}],"curies":[{"name":"wp","href":"https:\/\/api.w.org\/{rel}","templated":true}]}}