{"id":161879,"date":"2023-02-04T16:09:13","date_gmt":"2023-02-04T16:09:13","guid":{"rendered":"http:\/\/radiofenix.com.ar\/que-la-esma-lleve-el-sello-de-la-unesco-visibiliza-lo-que-significaron-las-dictaduras\/"},"modified":"2023-02-04T16:09:13","modified_gmt":"2023-02-04T16:09:13","slug":"que-la-esma-lleve-el-sello-de-la-unesco-visibiliza-lo-que-significaron-las-dictaduras","status":"publish","type":"post","link":"https:\/\/radiofenix.com.ar\/2023\/que-la-esma-lleve-el-sello-de-la-unesco-visibiliza-lo-que-significaron-las-dictaduras\/","title":{"rendered":"\u00abQue la ESMA lleve el sello de la Unesco visibiliza lo que significaron las dictaduras\u00bb"},"content":{"rendered":"<p>En di\u00e1logo con T\u00e9lam, Pietragalla Corti destac\u00f3 adem\u00e1s que de ser seleccionada en septiembre \u00abdar\u00eda eternidad hist\u00f3rica a la mantenci\u00f3n de la memoria colectiva que tenemos que sostener por generaciones\u00bb. Por su parte, la directora del centro, Mayki Gorosito, asegur\u00f3 que que\u00a0ser\u00eda un reconocimiento \u00aba los logros en materia de pol\u00edticas p\u00fablicas\u00bb para nuestro pa\u00eds.En di\u00e1logo con T\u00e9lam, Pietragalla Corti destac\u00f3 adem\u00e1s que de ser seleccionada en septiembre \u00abdar\u00eda eternidad hist\u00f3rica a la mantenci\u00f3n de la memoria colectiva que tenemos que sostener por generaciones\u00bb. Por su parte, la directora del centro, Mayki Gorosito, asegur\u00f3 que que\u00a0ser\u00eda un reconocimiento \u00aba los logros en materia de pol\u00edticas p\u00fablicas\u00bb para nuestro pa\u00eds.<\/p>\n","protected":false},"excerpt":{"rendered":"<p>En di\u00e1logo con T\u00e9lam, Pietragalla Corti destac\u00f3 adem\u00e1s que de ser seleccionada en septiembre \u00abdar\u00eda&#8230;<\/p>\n","protected":false},"author":2,"featured_media":161880,"comment_status":"open","ping_status":"open","sticky":false,"template":"","format":"standard","meta":{"footnotes":""},"categories":[2],"tags":[],"class_list":["post-161879","post","type-post","status-publish","format-standard","has-post-thumbnail","hentry","category-politica"],"featured_image_urls":{"full":"","thumbnail":"","medium":"","medium_large":"","large":"","1536x1536":"","2048x2048":"","newsium-slider-full":"","newsium-featured":"","newsium-medium":""},"author_info":{"info":["c1500921"]},"category_info":"<a href=\"https:\/\/radiofenix.com.ar\/2023\/category\/politica\/\" rel=\"category tag\">Pol\u00edtica<\/a>","tag_info":"Pol\u00edtica","comment_count":"0","_links":{"self":[{"href":"https:\/\/radiofenix.com.ar\/2023\/wp-json\/wp\/v2\/posts\/161879","targetHints":{"allow":["GET"]}}],"collection":[{"href":"https:\/\/radiofenix.com.ar\/2023\/wp-json\/wp\/v2\/posts"}],"about":[{"href":"https:\/\/radiofenix.com.ar\/2023\/wp-json\/wp\/v2\/types\/post"}],"author":[{"embeddable":true,"href":"https:\/\/radiofenix.com.ar\/2023\/wp-json\/wp\/v2\/users\/2"}],"replies":[{"embeddable":true,"href":"https:\/\/radiofenix.com.ar\/2023\/wp-json\/wp\/v2\/comments?post=161879"}],"version-history":[{"count":0,"href":"https:\/\/radiofenix.com.ar\/2023\/wp-json\/wp\/v2\/posts\/161879\/revisions"}],"wp:featuredmedia":[{"embeddable":true,"href":"https:\/\/radiofenix.com.ar\/2023\/wp-json\/"}],"wp:attachment":[{"href":"https:\/\/radiofenix.com.ar\/2023\/wp-json\/wp\/v2\/media?parent=161879"}],"wp:term":[{"taxonomy":"category","embeddable":true,"href":"https:\/\/radiofenix.com.ar\/2023\/wp-json\/wp\/v2\/categories?post=161879"},{"taxonomy":"post_tag","embeddable":true,"href":"https:\/\/radiofenix.com.ar\/2023\/wp-json\/wp\/v2\/tags?post=161879"}],"curies":[{"name":"wp","href":"https:\/\/api.w.org\/{rel}","templated":true}]}}