{"id":161891,"date":"2023-02-04T17:43:00","date_gmt":"2023-02-04T17:43:00","guid":{"rendered":"http:\/\/radiofenix.com.ar\/despues-de-lo-que-se-vivio-en-pandemia-entregamos-todo-en-los-conciertos\/"},"modified":"2023-02-04T17:43:00","modified_gmt":"2023-02-04T17:43:00","slug":"despues-de-lo-que-se-vivio-en-pandemia-entregamos-todo-en-los-conciertos","status":"publish","type":"post","link":"https:\/\/radiofenix.com.ar\/2023\/despues-de-lo-que-se-vivio-en-pandemia-entregamos-todo-en-los-conciertos\/","title":{"rendered":"\u00abDespu\u00e9s de lo que se vivi\u00f3 en pandemia, entregamos todo en los conciertos\u00bb"},"content":{"rendered":"<p>Desde Bogot\u00e1, H\u00e9ctor Buitrago dialog\u00f3 con T\u00e9lam sobre el reencuentro\u00a0de la reconocida banda colombiana de rock con el p\u00fablico porte\u00f1o en un recital que ofrecer\u00e1 este domingo en Palermo Groove, donde interpretar\u00e1 los hits de sus tres d\u00e9cadas de trayectoria y presentar\u00e1 \u00abTropipop\u00bb, el disco que registr\u00f3 en pandemia.Desde Bogot\u00e1, H\u00e9ctor Buitrago dialog\u00f3 con T\u00e9lam sobre el reencuentro\u00a0de la reconocida banda colombiana de rock con el p\u00fablico porte\u00f1o en un recital que ofrecer\u00e1 este domingo en Palermo Groove, donde interpretar\u00e1 los hits de sus tres d\u00e9cadas de trayectoria y presentar\u00e1 \u00abTropipop\u00bb, el disco que registr\u00f3 en pandemia.<\/p>\n","protected":false},"excerpt":{"rendered":"<p>Desde Bogot\u00e1, H\u00e9ctor Buitrago dialog\u00f3 con T\u00e9lam sobre el reencuentro\u00a0de la reconocida banda colombiana de&#8230;<\/p>\n","protected":false},"author":2,"featured_media":161892,"comment_status":"open","ping_status":"open","sticky":false,"template":"","format":"standard","meta":{"footnotes":""},"categories":[4],"tags":[],"class_list":["post-161891","post","type-post","status-publish","format-standard","has-post-thumbnail","hentry","category-espectaculos"],"featured_image_urls":{"full":"","thumbnail":"","medium":"","medium_large":"","large":"","1536x1536":"","2048x2048":"","newsium-slider-full":"","newsium-featured":"","newsium-medium":""},"author_info":{"info":["c1500921"]},"category_info":"<a href=\"https:\/\/radiofenix.com.ar\/2023\/category\/espectaculos\/\" rel=\"category tag\">Espectaculos<\/a>","tag_info":"Espectaculos","comment_count":"0","_links":{"self":[{"href":"https:\/\/radiofenix.com.ar\/2023\/wp-json\/wp\/v2\/posts\/161891","targetHints":{"allow":["GET"]}}],"collection":[{"href":"https:\/\/radiofenix.com.ar\/2023\/wp-json\/wp\/v2\/posts"}],"about":[{"href":"https:\/\/radiofenix.com.ar\/2023\/wp-json\/wp\/v2\/types\/post"}],"author":[{"embeddable":true,"href":"https:\/\/radiofenix.com.ar\/2023\/wp-json\/wp\/v2\/users\/2"}],"replies":[{"embeddable":true,"href":"https:\/\/radiofenix.com.ar\/2023\/wp-json\/wp\/v2\/comments?post=161891"}],"version-history":[{"count":0,"href":"https:\/\/radiofenix.com.ar\/2023\/wp-json\/wp\/v2\/posts\/161891\/revisions"}],"wp:featuredmedia":[{"embeddable":true,"href":"https:\/\/radiofenix.com.ar\/2023\/wp-json\/"}],"wp:attachment":[{"href":"https:\/\/radiofenix.com.ar\/2023\/wp-json\/wp\/v2\/media?parent=161891"}],"wp:term":[{"taxonomy":"category","embeddable":true,"href":"https:\/\/radiofenix.com.ar\/2023\/wp-json\/wp\/v2\/categories?post=161891"},{"taxonomy":"post_tag","embeddable":true,"href":"https:\/\/radiofenix.com.ar\/2023\/wp-json\/wp\/v2\/tags?post=161891"}],"curies":[{"name":"wp","href":"https:\/\/api.w.org\/{rel}","templated":true}]}}