{"id":161893,"date":"2023-02-04T18:03:59","date_gmt":"2023-02-04T18:03:59","guid":{"rendered":"http:\/\/radiofenix.com.ar\/cerruti-el-paseo-del-bajo-no-fue-obra-de-caba-sino-del-gobierno-nacional\/"},"modified":"2023-02-04T18:03:59","modified_gmt":"2023-02-04T18:03:59","slug":"cerruti-el-paseo-del-bajo-no-fue-obra-de-caba-sino-del-gobierno-nacional","status":"publish","type":"post","link":"https:\/\/radiofenix.com.ar\/2023\/cerruti-el-paseo-del-bajo-no-fue-obra-de-caba-sino-del-gobierno-nacional\/","title":{"rendered":"Cerruti: \u00abEl Paseo del Bajo no fue obra de CABA sino del Gobierno nacional\u00bb"},"content":{"rendered":"<p>La portavoz de la Presidencia respondi\u00f3 los dichos de la diputada nacional de la Coalici\u00f3n C\u00edvica ARI Marcela Campagnoli, quien hab\u00eda cuestionado al presidente Alberto Fern\u00e1ndez por sus declaraciones sobre la obra.La portavoz de la Presidencia respondi\u00f3 los dichos de la diputada nacional de la Coalici\u00f3n C\u00edvica ARI Marcela Campagnoli, quien hab\u00eda cuestionado al presidente Alberto Fern\u00e1ndez por sus declaraciones sobre la obra.<\/p>\n","protected":false},"excerpt":{"rendered":"<p>La portavoz de la Presidencia respondi\u00f3 los dichos de la diputada nacional de la Coalici\u00f3n&#8230;<\/p>\n","protected":false},"author":2,"featured_media":161894,"comment_status":"open","ping_status":"open","sticky":false,"template":"","format":"standard","meta":{"footnotes":""},"categories":[2],"tags":[],"class_list":["post-161893","post","type-post","status-publish","format-standard","has-post-thumbnail","hentry","category-politica"],"featured_image_urls":{"full":"","thumbnail":"","medium":"","medium_large":"","large":"","1536x1536":"","2048x2048":"","newsium-slider-full":"","newsium-featured":"","newsium-medium":""},"author_info":{"info":["c1500921"]},"category_info":"<a href=\"https:\/\/radiofenix.com.ar\/2023\/category\/politica\/\" rel=\"category tag\">Pol\u00edtica<\/a>","tag_info":"Pol\u00edtica","comment_count":"0","_links":{"self":[{"href":"https:\/\/radiofenix.com.ar\/2023\/wp-json\/wp\/v2\/posts\/161893","targetHints":{"allow":["GET"]}}],"collection":[{"href":"https:\/\/radiofenix.com.ar\/2023\/wp-json\/wp\/v2\/posts"}],"about":[{"href":"https:\/\/radiofenix.com.ar\/2023\/wp-json\/wp\/v2\/types\/post"}],"author":[{"embeddable":true,"href":"https:\/\/radiofenix.com.ar\/2023\/wp-json\/wp\/v2\/users\/2"}],"replies":[{"embeddable":true,"href":"https:\/\/radiofenix.com.ar\/2023\/wp-json\/wp\/v2\/comments?post=161893"}],"version-history":[{"count":0,"href":"https:\/\/radiofenix.com.ar\/2023\/wp-json\/wp\/v2\/posts\/161893\/revisions"}],"wp:featuredmedia":[{"embeddable":true,"href":"https:\/\/radiofenix.com.ar\/2023\/wp-json\/"}],"wp:attachment":[{"href":"https:\/\/radiofenix.com.ar\/2023\/wp-json\/wp\/v2\/media?parent=161893"}],"wp:term":[{"taxonomy":"category","embeddable":true,"href":"https:\/\/radiofenix.com.ar\/2023\/wp-json\/wp\/v2\/categories?post=161893"},{"taxonomy":"post_tag","embeddable":true,"href":"https:\/\/radiofenix.com.ar\/2023\/wp-json\/wp\/v2\/tags?post=161893"}],"curies":[{"name":"wp","href":"https:\/\/api.w.org\/{rel}","templated":true}]}}