{"id":161895,"date":"2023-02-04T18:04:00","date_gmt":"2023-02-04T18:04:00","guid":{"rendered":"http:\/\/radiofenix.com.ar\/diputados-se-encamina-a-aprobar-la-admisibilidad-del-juicio-politico-a-la-corte\/"},"modified":"2023-02-04T18:04:00","modified_gmt":"2023-02-04T18:04:00","slug":"diputados-se-encamina-a-aprobar-la-admisibilidad-del-juicio-politico-a-la-corte","status":"publish","type":"post","link":"https:\/\/radiofenix.com.ar\/2023\/diputados-se-encamina-a-aprobar-la-admisibilidad-del-juicio-politico-a-la-corte\/","title":{"rendered":"Diputados se encamina a aprobar la admisibilidad del juicio pol\u00edtico a la Corte"},"content":{"rendered":"<p>El Frente de Todos cuenta con mayor\u00eda en la comisi\u00f3n para abrir el sumario para acumular las pruebas que sostengan la acusaci\u00f3n contra Horacio Rosatti, Carlos Rosenkrantz, Juan Carlos Maqueda y Ricardo Lorenzetti.El Frente de Todos cuenta con mayor\u00eda en la comisi\u00f3n para abrir el sumario para acumular las pruebas que sostengan la acusaci\u00f3n contra Horacio Rosatti, Carlos Rosenkrantz, Juan Carlos Maqueda y Ricardo Lorenzetti.<\/p>\n","protected":false},"excerpt":{"rendered":"<p>El Frente de Todos cuenta con mayor\u00eda en la comisi\u00f3n para abrir el sumario para&#8230;<\/p>\n","protected":false},"author":2,"featured_media":161896,"comment_status":"open","ping_status":"open","sticky":false,"template":"","format":"standard","meta":{"footnotes":""},"categories":[2],"tags":[],"class_list":["post-161895","post","type-post","status-publish","format-standard","has-post-thumbnail","hentry","category-politica"],"featured_image_urls":{"full":"","thumbnail":"","medium":"","medium_large":"","large":"","1536x1536":"","2048x2048":"","newsium-slider-full":"","newsium-featured":"","newsium-medium":""},"author_info":{"info":["c1500921"]},"category_info":"<a href=\"https:\/\/radiofenix.com.ar\/2023\/category\/politica\/\" rel=\"category tag\">Pol\u00edtica<\/a>","tag_info":"Pol\u00edtica","comment_count":"0","_links":{"self":[{"href":"https:\/\/radiofenix.com.ar\/2023\/wp-json\/wp\/v2\/posts\/161895","targetHints":{"allow":["GET"]}}],"collection":[{"href":"https:\/\/radiofenix.com.ar\/2023\/wp-json\/wp\/v2\/posts"}],"about":[{"href":"https:\/\/radiofenix.com.ar\/2023\/wp-json\/wp\/v2\/types\/post"}],"author":[{"embeddable":true,"href":"https:\/\/radiofenix.com.ar\/2023\/wp-json\/wp\/v2\/users\/2"}],"replies":[{"embeddable":true,"href":"https:\/\/radiofenix.com.ar\/2023\/wp-json\/wp\/v2\/comments?post=161895"}],"version-history":[{"count":0,"href":"https:\/\/radiofenix.com.ar\/2023\/wp-json\/wp\/v2\/posts\/161895\/revisions"}],"wp:featuredmedia":[{"embeddable":true,"href":"https:\/\/radiofenix.com.ar\/2023\/wp-json\/"}],"wp:attachment":[{"href":"https:\/\/radiofenix.com.ar\/2023\/wp-json\/wp\/v2\/media?parent=161895"}],"wp:term":[{"taxonomy":"category","embeddable":true,"href":"https:\/\/radiofenix.com.ar\/2023\/wp-json\/wp\/v2\/categories?post=161895"},{"taxonomy":"post_tag","embeddable":true,"href":"https:\/\/radiofenix.com.ar\/2023\/wp-json\/wp\/v2\/tags?post=161895"}],"curies":[{"name":"wp","href":"https:\/\/api.w.org\/{rel}","templated":true}]}}