{"id":161897,"date":"2023-02-04T16:48:00","date_gmt":"2023-02-04T16:48:00","guid":{"rendered":"http:\/\/radiofenix.com.ar\/como-sera-la-ampliacion-de-precios-justos-a-la-canasta-escolar-y-cuotas-de-colegio\/"},"modified":"2023-02-04T16:48:00","modified_gmt":"2023-02-04T16:48:00","slug":"como-sera-la-ampliacion-de-precios-justos-a-la-canasta-escolar-y-cuotas-de-colegio","status":"publish","type":"post","link":"https:\/\/radiofenix.com.ar\/2023\/como-sera-la-ampliacion-de-precios-justos-a-la-canasta-escolar-y-cuotas-de-colegio\/","title":{"rendered":"C\u00f3mo ser\u00e1 la ampliaci\u00f3n de Precios Justos a la canasta escolar y cuotas de colegio"},"content":{"rendered":"<p>El programa\u00a0introducir\u00e1 como novedad un tope a los incrementos de las cuotas de los colegios privados y la incorporaci\u00f3n de productos escolares.<\/p>\n","protected":false},"excerpt":{"rendered":"<p>El programa\u00a0introducir\u00e1 como novedad un tope a los incrementos de las cuotas de los colegios&#8230;<\/p>\n","protected":false},"author":2,"featured_media":161898,"comment_status":"open","ping_status":"open","sticky":false,"template":"","format":"standard","meta":{"footnotes":""},"categories":[5],"tags":[],"class_list":["post-161897","post","type-post","status-publish","format-standard","has-post-thumbnail","hentry","category-economia"],"featured_image_urls":{"full":"","thumbnail":"","medium":"","medium_large":"","large":"","1536x1536":"","2048x2048":"","newsium-slider-full":"","newsium-featured":"","newsium-medium":""},"author_info":{"info":["c1500921"]},"category_info":"<a href=\"https:\/\/radiofenix.com.ar\/2023\/category\/economia\/\" rel=\"category tag\">Economia<\/a>","tag_info":"Economia","comment_count":"0","_links":{"self":[{"href":"https:\/\/radiofenix.com.ar\/2023\/wp-json\/wp\/v2\/posts\/161897","targetHints":{"allow":["GET"]}}],"collection":[{"href":"https:\/\/radiofenix.com.ar\/2023\/wp-json\/wp\/v2\/posts"}],"about":[{"href":"https:\/\/radiofenix.com.ar\/2023\/wp-json\/wp\/v2\/types\/post"}],"author":[{"embeddable":true,"href":"https:\/\/radiofenix.com.ar\/2023\/wp-json\/wp\/v2\/users\/2"}],"replies":[{"embeddable":true,"href":"https:\/\/radiofenix.com.ar\/2023\/wp-json\/wp\/v2\/comments?post=161897"}],"version-history":[{"count":0,"href":"https:\/\/radiofenix.com.ar\/2023\/wp-json\/wp\/v2\/posts\/161897\/revisions"}],"wp:featuredmedia":[{"embeddable":true,"href":"https:\/\/radiofenix.com.ar\/2023\/wp-json\/"}],"wp:attachment":[{"href":"https:\/\/radiofenix.com.ar\/2023\/wp-json\/wp\/v2\/media?parent=161897"}],"wp:term":[{"taxonomy":"category","embeddable":true,"href":"https:\/\/radiofenix.com.ar\/2023\/wp-json\/wp\/v2\/categories?post=161897"},{"taxonomy":"post_tag","embeddable":true,"href":"https:\/\/radiofenix.com.ar\/2023\/wp-json\/wp\/v2\/tags?post=161897"}],"curies":[{"name":"wp","href":"https:\/\/api.w.org\/{rel}","templated":true}]}}