{"id":161911,"date":"2023-02-04T19:23:00","date_gmt":"2023-02-04T19:23:00","guid":{"rendered":"http:\/\/radiofenix.com.ar\/benito-cerati-arbol-sofia-viola-y-mas-espectaculos-para-chicos-en-los-paradores-recreo\/"},"modified":"2023-02-04T19:23:00","modified_gmt":"2023-02-04T19:23:00","slug":"benito-cerati-arbol-sofia-viola-y-mas-espectaculos-para-chicos-en-los-paradores-recreo","status":"publish","type":"post","link":"https:\/\/radiofenix.com.ar\/2023\/benito-cerati-arbol-sofia-viola-y-mas-espectaculos-para-chicos-en-los-paradores-recreo\/","title":{"rendered":"Benito Cerati, \u00c1rbol, Sof\u00eda Viola y m\u00e1s espect\u00e1culos para chicos en los paradores ReCreo"},"content":{"rendered":"<p>El Instituto Cultural de la Provincia de Buenos Aires organiza diferentes propuestas para los turistas y locales, y en este caso podr\u00e1n disfrutar de las actividades este s\u00e1bado y domingo en Chascom\u00fas y la Costa Atl\u00e1ntica.El Instituto Cultural de la Provincia de Buenos Aires organiza diferentes propuestas para los turistas y locales, y en este caso podr\u00e1n disfrutar de las actividades este s\u00e1bado y domingo en Chascom\u00fas y la Costa Atl\u00e1ntica.<\/p>\n","protected":false},"excerpt":{"rendered":"<p>El Instituto Cultural de la Provincia de Buenos Aires organiza diferentes propuestas para los turistas&#8230;<\/p>\n","protected":false},"author":2,"featured_media":161912,"comment_status":"open","ping_status":"open","sticky":false,"template":"","format":"standard","meta":{"footnotes":""},"categories":[4],"tags":[],"class_list":["post-161911","post","type-post","status-publish","format-standard","has-post-thumbnail","hentry","category-espectaculos"],"featured_image_urls":{"full":"","thumbnail":"","medium":"","medium_large":"","large":"","1536x1536":"","2048x2048":"","newsium-slider-full":"","newsium-featured":"","newsium-medium":""},"author_info":{"info":["c1500921"]},"category_info":"<a href=\"https:\/\/radiofenix.com.ar\/2023\/category\/espectaculos\/\" rel=\"category tag\">Espectaculos<\/a>","tag_info":"Espectaculos","comment_count":"0","_links":{"self":[{"href":"https:\/\/radiofenix.com.ar\/2023\/wp-json\/wp\/v2\/posts\/161911","targetHints":{"allow":["GET"]}}],"collection":[{"href":"https:\/\/radiofenix.com.ar\/2023\/wp-json\/wp\/v2\/posts"}],"about":[{"href":"https:\/\/radiofenix.com.ar\/2023\/wp-json\/wp\/v2\/types\/post"}],"author":[{"embeddable":true,"href":"https:\/\/radiofenix.com.ar\/2023\/wp-json\/wp\/v2\/users\/2"}],"replies":[{"embeddable":true,"href":"https:\/\/radiofenix.com.ar\/2023\/wp-json\/wp\/v2\/comments?post=161911"}],"version-history":[{"count":0,"href":"https:\/\/radiofenix.com.ar\/2023\/wp-json\/wp\/v2\/posts\/161911\/revisions"}],"wp:featuredmedia":[{"embeddable":true,"href":"https:\/\/radiofenix.com.ar\/2023\/wp-json\/"}],"wp:attachment":[{"href":"https:\/\/radiofenix.com.ar\/2023\/wp-json\/wp\/v2\/media?parent=161911"}],"wp:term":[{"taxonomy":"category","embeddable":true,"href":"https:\/\/radiofenix.com.ar\/2023\/wp-json\/wp\/v2\/categories?post=161911"},{"taxonomy":"post_tag","embeddable":true,"href":"https:\/\/radiofenix.com.ar\/2023\/wp-json\/wp\/v2\/tags?post=161911"}],"curies":[{"name":"wp","href":"https:\/\/api.w.org\/{rel}","templated":true}]}}