{"id":161915,"date":"2023-02-04T20:04:15","date_gmt":"2023-02-04T20:04:15","guid":{"rendered":"http:\/\/radiofenix.com.ar\/el-presidente-comienza-a-armar-la-mesa-politica-del-fdt-que-penso-el-ano-pasado-2\/"},"modified":"2023-02-04T20:04:15","modified_gmt":"2023-02-04T20:04:15","slug":"el-presidente-comienza-a-armar-la-mesa-politica-del-fdt-que-penso-el-ano-pasado-2","status":"publish","type":"post","link":"https:\/\/radiofenix.com.ar\/2023\/el-presidente-comienza-a-armar-la-mesa-politica-del-fdt-que-penso-el-ano-pasado-2\/","title":{"rendered":"El Presidente comienza a armar la mesa pol\u00edtica del FdT que pens\u00f3 el a\u00f1o pasado"},"content":{"rendered":"<p>\u00abComo presidente del PJ, el Presidente est\u00e1 analizando la conformaci\u00f3n de una mesa que trabaje sobre la estrategia electoral\u00bb, asegur\u00f3 d\u00edas atr\u00e1s la portavoz presidencial, Gabriela Cerruti. La idea hab\u00eda recobrado fuerza durante la semana tras el pedido en ese sentido del PJ bonaerense.\u00bbComo presidente del PJ, el Presidente est\u00e1 analizando la conformaci\u00f3n de una mesa que trabaje sobre la estrategia electoral\u00bb, asegur\u00f3 d\u00edas atr\u00e1s la portavoz presidencial, Gabriela Cerruti. La idea hab\u00eda recobrado fuerza durante la semana tras el pedido en ese sentido del PJ bonaerense.<\/p>\n","protected":false},"excerpt":{"rendered":"<p>\u00abComo presidente del PJ, el Presidente est\u00e1 analizando la conformaci\u00f3n de una mesa que trabaje&#8230;<\/p>\n","protected":false},"author":2,"featured_media":161916,"comment_status":"open","ping_status":"open","sticky":false,"template":"","format":"standard","meta":{"footnotes":""},"categories":[2],"tags":[],"class_list":["post-161915","post","type-post","status-publish","format-standard","has-post-thumbnail","hentry","category-politica"],"featured_image_urls":{"full":"","thumbnail":"","medium":"","medium_large":"","large":"","1536x1536":"","2048x2048":"","newsium-slider-full":"","newsium-featured":"","newsium-medium":""},"author_info":{"info":["c1500921"]},"category_info":"<a href=\"https:\/\/radiofenix.com.ar\/2023\/category\/politica\/\" rel=\"category tag\">Pol\u00edtica<\/a>","tag_info":"Pol\u00edtica","comment_count":"0","_links":{"self":[{"href":"https:\/\/radiofenix.com.ar\/2023\/wp-json\/wp\/v2\/posts\/161915","targetHints":{"allow":["GET"]}}],"collection":[{"href":"https:\/\/radiofenix.com.ar\/2023\/wp-json\/wp\/v2\/posts"}],"about":[{"href":"https:\/\/radiofenix.com.ar\/2023\/wp-json\/wp\/v2\/types\/post"}],"author":[{"embeddable":true,"href":"https:\/\/radiofenix.com.ar\/2023\/wp-json\/wp\/v2\/users\/2"}],"replies":[{"embeddable":true,"href":"https:\/\/radiofenix.com.ar\/2023\/wp-json\/wp\/v2\/comments?post=161915"}],"version-history":[{"count":0,"href":"https:\/\/radiofenix.com.ar\/2023\/wp-json\/wp\/v2\/posts\/161915\/revisions"}],"wp:featuredmedia":[{"embeddable":true,"href":"https:\/\/radiofenix.com.ar\/2023\/wp-json\/"}],"wp:attachment":[{"href":"https:\/\/radiofenix.com.ar\/2023\/wp-json\/wp\/v2\/media?parent=161915"}],"wp:term":[{"taxonomy":"category","embeddable":true,"href":"https:\/\/radiofenix.com.ar\/2023\/wp-json\/wp\/v2\/categories?post=161915"},{"taxonomy":"post_tag","embeddable":true,"href":"https:\/\/radiofenix.com.ar\/2023\/wp-json\/wp\/v2\/tags?post=161915"}],"curies":[{"name":"wp","href":"https:\/\/api.w.org\/{rel}","templated":true}]}}