{"id":161917,"date":"2023-02-04T20:04:16","date_gmt":"2023-02-04T20:04:16","guid":{"rendered":"http:\/\/radiofenix.com.ar\/malvinas-analizan-la-posible-restauracion-de-una-ruta-aerea-directa\/"},"modified":"2023-02-04T20:04:16","modified_gmt":"2023-02-04T20:04:16","slug":"malvinas-analizan-la-posible-restauracion-de-una-ruta-aerea-directa","status":"publish","type":"post","link":"https:\/\/radiofenix.com.ar\/2023\/malvinas-analizan-la-posible-restauracion-de-una-ruta-aerea-directa\/","title":{"rendered":"Malvinas: analizan la posible restauraci\u00f3n de una ruta a\u00e9rea directa"},"content":{"rendered":"<p>El gobierno argentino decidi\u00f3, tras cancelar el vuelo desde San Pablo a las Islas, ahondar en la posibilidad de recuperar un vuelo sin escalas desde el territorio continental.\u00a0El gobierno argentino decidi\u00f3, tras cancelar el vuelo desde San Pablo a las Islas, ahondar en la posibilidad de recuperar un vuelo sin escalas desde el territorio continental.\u00a0<\/p>\n","protected":false},"excerpt":{"rendered":"<p>El gobierno argentino decidi\u00f3, tras cancelar el vuelo desde San Pablo a las Islas, ahondar&#8230;<\/p>\n","protected":false},"author":2,"featured_media":161918,"comment_status":"open","ping_status":"open","sticky":false,"template":"","format":"standard","meta":{"footnotes":""},"categories":[2],"tags":[],"class_list":["post-161917","post","type-post","status-publish","format-standard","has-post-thumbnail","hentry","category-politica"],"featured_image_urls":{"full":"","thumbnail":"","medium":"","medium_large":"","large":"","1536x1536":"","2048x2048":"","newsium-slider-full":"","newsium-featured":"","newsium-medium":""},"author_info":{"info":["c1500921"]},"category_info":"<a href=\"https:\/\/radiofenix.com.ar\/2023\/category\/politica\/\" rel=\"category tag\">Pol\u00edtica<\/a>","tag_info":"Pol\u00edtica","comment_count":"0","_links":{"self":[{"href":"https:\/\/radiofenix.com.ar\/2023\/wp-json\/wp\/v2\/posts\/161917","targetHints":{"allow":["GET"]}}],"collection":[{"href":"https:\/\/radiofenix.com.ar\/2023\/wp-json\/wp\/v2\/posts"}],"about":[{"href":"https:\/\/radiofenix.com.ar\/2023\/wp-json\/wp\/v2\/types\/post"}],"author":[{"embeddable":true,"href":"https:\/\/radiofenix.com.ar\/2023\/wp-json\/wp\/v2\/users\/2"}],"replies":[{"embeddable":true,"href":"https:\/\/radiofenix.com.ar\/2023\/wp-json\/wp\/v2\/comments?post=161917"}],"version-history":[{"count":0,"href":"https:\/\/radiofenix.com.ar\/2023\/wp-json\/wp\/v2\/posts\/161917\/revisions"}],"wp:featuredmedia":[{"embeddable":true,"href":"https:\/\/radiofenix.com.ar\/2023\/wp-json\/"}],"wp:attachment":[{"href":"https:\/\/radiofenix.com.ar\/2023\/wp-json\/wp\/v2\/media?parent=161917"}],"wp:term":[{"taxonomy":"category","embeddable":true,"href":"https:\/\/radiofenix.com.ar\/2023\/wp-json\/wp\/v2\/categories?post=161917"},{"taxonomy":"post_tag","embeddable":true,"href":"https:\/\/radiofenix.com.ar\/2023\/wp-json\/wp\/v2\/tags?post=161917"}],"curies":[{"name":"wp","href":"https:\/\/api.w.org\/{rel}","templated":true}]}}