{"id":161939,"date":"2023-02-04T23:04:32","date_gmt":"2023-02-04T23:04:32","guid":{"rendered":"http:\/\/radiofenix.com.ar\/el-presidente-participo-del-acto-de-apertura-de-verano-en-tecnopolis-3\/"},"modified":"2023-02-04T23:04:32","modified_gmt":"2023-02-04T23:04:32","slug":"el-presidente-participo-del-acto-de-apertura-de-verano-en-tecnopolis-3","status":"publish","type":"post","link":"https:\/\/radiofenix.com.ar\/2023\/el-presidente-participo-del-acto-de-apertura-de-verano-en-tecnopolis-3\/","title":{"rendered":"El Presidente particip\u00f3 del acto de apertura de \u00abVerano en Tecn\u00f3polis\u00bb"},"content":{"rendered":"<p>Alberto Fern\u00e1ndez recorri\u00f3 la megamuestra de ciencia, tecnolog\u00eda, industria y arte.Alberto Fern\u00e1ndez recorri\u00f3 la megamuestra de ciencia, tecnolog\u00eda, industria y arte.<\/p>\n","protected":false},"excerpt":{"rendered":"<p>Alberto Fern\u00e1ndez recorri\u00f3 la megamuestra de ciencia, tecnolog\u00eda, industria y arte.Alberto Fern\u00e1ndez recorri\u00f3 la megamuestra&#8230;<\/p>\n","protected":false},"author":2,"featured_media":161940,"comment_status":"open","ping_status":"open","sticky":false,"template":"","format":"standard","meta":{"footnotes":""},"categories":[2],"tags":[],"class_list":["post-161939","post","type-post","status-publish","format-standard","has-post-thumbnail","hentry","category-politica"],"featured_image_urls":{"full":"","thumbnail":"","medium":"","medium_large":"","large":"","1536x1536":"","2048x2048":"","newsium-slider-full":"","newsium-featured":"","newsium-medium":""},"author_info":{"info":["c1500921"]},"category_info":"<a href=\"https:\/\/radiofenix.com.ar\/2023\/category\/politica\/\" rel=\"category tag\">Pol\u00edtica<\/a>","tag_info":"Pol\u00edtica","comment_count":"0","_links":{"self":[{"href":"https:\/\/radiofenix.com.ar\/2023\/wp-json\/wp\/v2\/posts\/161939","targetHints":{"allow":["GET"]}}],"collection":[{"href":"https:\/\/radiofenix.com.ar\/2023\/wp-json\/wp\/v2\/posts"}],"about":[{"href":"https:\/\/radiofenix.com.ar\/2023\/wp-json\/wp\/v2\/types\/post"}],"author":[{"embeddable":true,"href":"https:\/\/radiofenix.com.ar\/2023\/wp-json\/wp\/v2\/users\/2"}],"replies":[{"embeddable":true,"href":"https:\/\/radiofenix.com.ar\/2023\/wp-json\/wp\/v2\/comments?post=161939"}],"version-history":[{"count":0,"href":"https:\/\/radiofenix.com.ar\/2023\/wp-json\/wp\/v2\/posts\/161939\/revisions"}],"wp:featuredmedia":[{"embeddable":true,"href":"https:\/\/radiofenix.com.ar\/2023\/wp-json\/"}],"wp:attachment":[{"href":"https:\/\/radiofenix.com.ar\/2023\/wp-json\/wp\/v2\/media?parent=161939"}],"wp:term":[{"taxonomy":"category","embeddable":true,"href":"https:\/\/radiofenix.com.ar\/2023\/wp-json\/wp\/v2\/categories?post=161939"},{"taxonomy":"post_tag","embeddable":true,"href":"https:\/\/radiofenix.com.ar\/2023\/wp-json\/wp\/v2\/tags?post=161939"}],"curies":[{"name":"wp","href":"https:\/\/api.w.org\/{rel}","templated":true}]}}