{"id":161980,"date":"2023-02-05T13:04:09","date_gmt":"2023-02-05T13:04:09","guid":{"rendered":"http:\/\/radiofenix.com.ar\/atletico-tucuman-sera-local-ante-talleres-de-cordoba\/"},"modified":"2023-02-05T13:04:09","modified_gmt":"2023-02-05T13:04:09","slug":"atletico-tucuman-sera-local-ante-talleres-de-cordoba","status":"publish","type":"post","link":"https:\/\/radiofenix.com.ar\/2023\/atletico-tucuman-sera-local-ante-talleres-de-cordoba\/","title":{"rendered":"Atl\u00e9tico Tucum\u00e1n ser\u00e1 local ante Talleres de C\u00f3rdoba"},"content":{"rendered":"<p>El encuentro se jugar\u00e1 en el estadio Jos\u00e9 Fierro de la capital tucumana, desde las 21.30, con transmisi\u00f3n de la TV P\u00fablica.<\/p>\n","protected":false},"excerpt":{"rendered":"<p>El encuentro se jugar\u00e1 en el estadio Jos\u00e9 Fierro de la capital tucumana, desde las&#8230;<\/p>\n","protected":false},"author":2,"featured_media":161981,"comment_status":"open","ping_status":"open","sticky":false,"template":"","format":"standard","meta":{"footnotes":""},"categories":[3],"tags":[],"class_list":["post-161980","post","type-post","status-publish","format-standard","has-post-thumbnail","hentry","category-deportes"],"featured_image_urls":{"full":"","thumbnail":"","medium":"","medium_large":"","large":"","1536x1536":"","2048x2048":"","newsium-slider-full":"","newsium-featured":"","newsium-medium":""},"author_info":{"info":["c1500921"]},"category_info":"<a href=\"https:\/\/radiofenix.com.ar\/2023\/category\/deportes\/\" rel=\"category tag\">Deportes<\/a>","tag_info":"Deportes","comment_count":"0","_links":{"self":[{"href":"https:\/\/radiofenix.com.ar\/2023\/wp-json\/wp\/v2\/posts\/161980","targetHints":{"allow":["GET"]}}],"collection":[{"href":"https:\/\/radiofenix.com.ar\/2023\/wp-json\/wp\/v2\/posts"}],"about":[{"href":"https:\/\/radiofenix.com.ar\/2023\/wp-json\/wp\/v2\/types\/post"}],"author":[{"embeddable":true,"href":"https:\/\/radiofenix.com.ar\/2023\/wp-json\/wp\/v2\/users\/2"}],"replies":[{"embeddable":true,"href":"https:\/\/radiofenix.com.ar\/2023\/wp-json\/wp\/v2\/comments?post=161980"}],"version-history":[{"count":0,"href":"https:\/\/radiofenix.com.ar\/2023\/wp-json\/wp\/v2\/posts\/161980\/revisions"}],"wp:featuredmedia":[{"embeddable":true,"href":"https:\/\/radiofenix.com.ar\/2023\/wp-json\/"}],"wp:attachment":[{"href":"https:\/\/radiofenix.com.ar\/2023\/wp-json\/wp\/v2\/media?parent=161980"}],"wp:term":[{"taxonomy":"category","embeddable":true,"href":"https:\/\/radiofenix.com.ar\/2023\/wp-json\/wp\/v2\/categories?post=161980"},{"taxonomy":"post_tag","embeddable":true,"href":"https:\/\/radiofenix.com.ar\/2023\/wp-json\/wp\/v2\/tags?post=161980"}],"curies":[{"name":"wp","href":"https:\/\/api.w.org\/{rel}","templated":true}]}}