{"id":162018,"date":"2023-02-05T19:04:36","date_gmt":"2023-02-05T19:04:36","guid":{"rendered":"http:\/\/radiofenix.com.ar\/la-legislatura-bonaerense-renueva-69-bancas-en-las-elecciones-del-22-de-octubre\/"},"modified":"2023-02-05T19:04:36","modified_gmt":"2023-02-05T19:04:36","slug":"la-legislatura-bonaerense-renueva-69-bancas-en-las-elecciones-del-22-de-octubre","status":"publish","type":"post","link":"https:\/\/radiofenix.com.ar\/2023\/la-legislatura-bonaerense-renueva-69-bancas-en-las-elecciones-del-22-de-octubre\/","title":{"rendered":"La Legislatura bonaerense renueva 69 bancas en las elecciones del 22 de octubre"},"content":{"rendered":"<p>La provincia de Buenos Aires se divide en ocho secciones electorales: cuatro eligen diputados (Primera, Cuarta, Quinta y S\u00e9ptima) y cuatro, senadores (Segunda, Tercera, Sexta y Octava).\u00a0El peronismo renovar\u00e1 23 esca\u00f1os en Diputados y 13 en el Senado, y el macrismo 19 legisladores en la C\u00e1mara baja y 10 en la alta.La provincia de Buenos Aires se divide en ocho secciones electorales: cuatro eligen diputados (Primera, Cuarta, Quinta y S\u00e9ptima) y cuatro, senadores (Segunda, Tercera, Sexta y Octava).\u00a0El peronismo renovar\u00e1 23 esca\u00f1os en Diputados y 13 en el Senado, y el macrismo 19 legisladores en la C\u00e1mara baja y 10 en la alta.<\/p>\n","protected":false},"excerpt":{"rendered":"<p>La provincia de Buenos Aires se divide en ocho secciones electorales: cuatro eligen diputados (Primera,&#8230;<\/p>\n","protected":false},"author":2,"featured_media":162019,"comment_status":"open","ping_status":"open","sticky":false,"template":"","format":"standard","meta":{"footnotes":""},"categories":[2],"tags":[],"class_list":["post-162018","post","type-post","status-publish","format-standard","has-post-thumbnail","hentry","category-politica"],"featured_image_urls":{"full":"","thumbnail":"","medium":"","medium_large":"","large":"","1536x1536":"","2048x2048":"","newsium-slider-full":"","newsium-featured":"","newsium-medium":""},"author_info":{"info":["c1500921"]},"category_info":"<a href=\"https:\/\/radiofenix.com.ar\/2023\/category\/politica\/\" rel=\"category tag\">Pol\u00edtica<\/a>","tag_info":"Pol\u00edtica","comment_count":"0","_links":{"self":[{"href":"https:\/\/radiofenix.com.ar\/2023\/wp-json\/wp\/v2\/posts\/162018","targetHints":{"allow":["GET"]}}],"collection":[{"href":"https:\/\/radiofenix.com.ar\/2023\/wp-json\/wp\/v2\/posts"}],"about":[{"href":"https:\/\/radiofenix.com.ar\/2023\/wp-json\/wp\/v2\/types\/post"}],"author":[{"embeddable":true,"href":"https:\/\/radiofenix.com.ar\/2023\/wp-json\/wp\/v2\/users\/2"}],"replies":[{"embeddable":true,"href":"https:\/\/radiofenix.com.ar\/2023\/wp-json\/wp\/v2\/comments?post=162018"}],"version-history":[{"count":0,"href":"https:\/\/radiofenix.com.ar\/2023\/wp-json\/wp\/v2\/posts\/162018\/revisions"}],"wp:featuredmedia":[{"embeddable":true,"href":"https:\/\/radiofenix.com.ar\/2023\/wp-json\/"}],"wp:attachment":[{"href":"https:\/\/radiofenix.com.ar\/2023\/wp-json\/wp\/v2\/media?parent=162018"}],"wp:term":[{"taxonomy":"category","embeddable":true,"href":"https:\/\/radiofenix.com.ar\/2023\/wp-json\/wp\/v2\/categories?post=162018"},{"taxonomy":"post_tag","embeddable":true,"href":"https:\/\/radiofenix.com.ar\/2023\/wp-json\/wp\/v2\/tags?post=162018"}],"curies":[{"name":"wp","href":"https:\/\/api.w.org\/{rel}","templated":true}]}}