{"id":162056,"date":"2023-02-06T01:04:42","date_gmt":"2023-02-06T01:04:42","guid":{"rendered":"http:\/\/radiofenix.com.ar\/alberto-fernandez-entrega-la-vivienda-85-mil-de-su-gestion-en-parana\/"},"modified":"2023-02-06T01:04:42","modified_gmt":"2023-02-06T01:04:42","slug":"alberto-fernandez-entrega-la-vivienda-85-mil-de-su-gestion-en-parana","status":"publish","type":"post","link":"https:\/\/radiofenix.com.ar\/2023\/alberto-fernandez-entrega-la-vivienda-85-mil-de-su-gestion-en-parana\/","title":{"rendered":"Alberto Fern\u00e1ndez entrega la vivienda 85 mil de su gesti\u00f3n en Paran\u00e1"},"content":{"rendered":"<p>El evento ser\u00e1 este lunes a las 11 y contar\u00e1 con la presencia de los ministros de Obras P\u00fablicas, Gabriel Katopodis, y de Desarrollo Territorial y H\u00e1bitat, Santiago Maggiotti; adem\u00e1s del gobernador de Entre R\u00edos, Gustavo Bordet, y el intendente de la ciudad capital, Ad\u00e1n Bahl.El evento ser\u00e1 este lunes a las 11 y contar\u00e1 con la presencia de los ministros de Obras P\u00fablicas, Gabriel Katopodis, y de Desarrollo Territorial y H\u00e1bitat, Santiago Maggiotti; adem\u00e1s del gobernador de Entre R\u00edos, Gustavo Bordet, y el intendente de la ciudad capital, Ad\u00e1n Bahl.<\/p>\n","protected":false},"excerpt":{"rendered":"<p>El evento ser\u00e1 este lunes a las 11 y contar\u00e1 con la presencia de los&#8230;<\/p>\n","protected":false},"author":2,"featured_media":162057,"comment_status":"open","ping_status":"open","sticky":false,"template":"","format":"standard","meta":{"footnotes":""},"categories":[2],"tags":[],"class_list":["post-162056","post","type-post","status-publish","format-standard","has-post-thumbnail","hentry","category-politica"],"featured_image_urls":{"full":"","thumbnail":"","medium":"","medium_large":"","large":"","1536x1536":"","2048x2048":"","newsium-slider-full":"","newsium-featured":"","newsium-medium":""},"author_info":{"info":["c1500921"]},"category_info":"<a href=\"https:\/\/radiofenix.com.ar\/2023\/category\/politica\/\" rel=\"category tag\">Pol\u00edtica<\/a>","tag_info":"Pol\u00edtica","comment_count":"0","_links":{"self":[{"href":"https:\/\/radiofenix.com.ar\/2023\/wp-json\/wp\/v2\/posts\/162056","targetHints":{"allow":["GET"]}}],"collection":[{"href":"https:\/\/radiofenix.com.ar\/2023\/wp-json\/wp\/v2\/posts"}],"about":[{"href":"https:\/\/radiofenix.com.ar\/2023\/wp-json\/wp\/v2\/types\/post"}],"author":[{"embeddable":true,"href":"https:\/\/radiofenix.com.ar\/2023\/wp-json\/wp\/v2\/users\/2"}],"replies":[{"embeddable":true,"href":"https:\/\/radiofenix.com.ar\/2023\/wp-json\/wp\/v2\/comments?post=162056"}],"version-history":[{"count":0,"href":"https:\/\/radiofenix.com.ar\/2023\/wp-json\/wp\/v2\/posts\/162056\/revisions"}],"wp:featuredmedia":[{"embeddable":true,"href":"https:\/\/radiofenix.com.ar\/2023\/wp-json\/"}],"wp:attachment":[{"href":"https:\/\/radiofenix.com.ar\/2023\/wp-json\/wp\/v2\/media?parent=162056"}],"wp:term":[{"taxonomy":"category","embeddable":true,"href":"https:\/\/radiofenix.com.ar\/2023\/wp-json\/wp\/v2\/categories?post=162056"},{"taxonomy":"post_tag","embeddable":true,"href":"https:\/\/radiofenix.com.ar\/2023\/wp-json\/wp\/v2\/tags?post=162056"}],"curies":[{"name":"wp","href":"https:\/\/api.w.org\/{rel}","templated":true}]}}