{"id":162062,"date":"2023-02-06T03:05:50","date_gmt":"2023-02-06T03:05:50","guid":{"rendered":"http:\/\/radiofenix.com.ar\/fernandez-convocara-a-una-mesa-politica-que-disene-las-reglas-electorales-del-fdt-4\/"},"modified":"2023-02-06T03:05:50","modified_gmt":"2023-02-06T03:05:50","slug":"fernandez-convocara-a-una-mesa-politica-que-disene-las-reglas-electorales-del-fdt-4","status":"publish","type":"post","link":"https:\/\/radiofenix.com.ar\/2023\/fernandez-convocara-a-una-mesa-politica-que-disene-las-reglas-electorales-del-fdt-4\/","title":{"rendered":"Fern\u00e1ndez convocar\u00e1 a una mesa pol\u00edtica que \u00abdise\u00f1e las reglas electorales\u00bb del FdT"},"content":{"rendered":"<p>Alberto Fern\u00e1ndez detall\u00f3 que la medida busca pensar la estrategia a seguir con miras a las distintas elecciones de este a\u00f1o y expres\u00f3 confianza\u00a0\u00aben que dicho \u00e1mbito de debate sirva para abrir la convocatoria a los sectores sociales, de la producci\u00f3n y del trabajo\u00bb.Alberto Fern\u00e1ndez detall\u00f3 que la medida busca pensar la estrategia a seguir con miras a las distintas elecciones de este a\u00f1o y expres\u00f3 confianza\u00a0\u00aben que dicho \u00e1mbito de debate sirva para abrir la convocatoria a los sectores sociales, de la producci\u00f3n y del trabajo\u00bb.<\/p>\n","protected":false},"excerpt":{"rendered":"<p>Alberto Fern\u00e1ndez detall\u00f3 que la medida busca pensar la estrategia a seguir con miras a&#8230;<\/p>\n","protected":false},"author":2,"featured_media":162063,"comment_status":"open","ping_status":"open","sticky":false,"template":"","format":"standard","meta":{"footnotes":""},"categories":[2],"tags":[],"class_list":["post-162062","post","type-post","status-publish","format-standard","has-post-thumbnail","hentry","category-politica"],"featured_image_urls":{"full":"","thumbnail":"","medium":"","medium_large":"","large":"","1536x1536":"","2048x2048":"","newsium-slider-full":"","newsium-featured":"","newsium-medium":""},"author_info":{"info":["c1500921"]},"category_info":"<a href=\"https:\/\/radiofenix.com.ar\/2023\/category\/politica\/\" rel=\"category tag\">Pol\u00edtica<\/a>","tag_info":"Pol\u00edtica","comment_count":"0","_links":{"self":[{"href":"https:\/\/radiofenix.com.ar\/2023\/wp-json\/wp\/v2\/posts\/162062","targetHints":{"allow":["GET"]}}],"collection":[{"href":"https:\/\/radiofenix.com.ar\/2023\/wp-json\/wp\/v2\/posts"}],"about":[{"href":"https:\/\/radiofenix.com.ar\/2023\/wp-json\/wp\/v2\/types\/post"}],"author":[{"embeddable":true,"href":"https:\/\/radiofenix.com.ar\/2023\/wp-json\/wp\/v2\/users\/2"}],"replies":[{"embeddable":true,"href":"https:\/\/radiofenix.com.ar\/2023\/wp-json\/wp\/v2\/comments?post=162062"}],"version-history":[{"count":0,"href":"https:\/\/radiofenix.com.ar\/2023\/wp-json\/wp\/v2\/posts\/162062\/revisions"}],"wp:featuredmedia":[{"embeddable":true,"href":"https:\/\/radiofenix.com.ar\/2023\/wp-json\/"}],"wp:attachment":[{"href":"https:\/\/radiofenix.com.ar\/2023\/wp-json\/wp\/v2\/media?parent=162062"}],"wp:term":[{"taxonomy":"category","embeddable":true,"href":"https:\/\/radiofenix.com.ar\/2023\/wp-json\/wp\/v2\/categories?post=162062"},{"taxonomy":"post_tag","embeddable":true,"href":"https:\/\/radiofenix.com.ar\/2023\/wp-json\/wp\/v2\/tags?post=162062"}],"curies":[{"name":"wp","href":"https:\/\/api.w.org\/{rel}","templated":true}]}}