{"id":163712,"date":"2023-02-17T19:06:12","date_gmt":"2023-02-17T19:06:12","guid":{"rendered":"http:\/\/radiofenix.com.ar\/en-el-pais-hay-dos-formas-de-ver-las-cosas-nosotros-creemos-en-un-estado-presente-2\/"},"modified":"2023-02-17T19:06:12","modified_gmt":"2023-02-17T19:06:12","slug":"en-el-pais-hay-dos-formas-de-ver-las-cosas-nosotros-creemos-en-un-estado-presente-2","status":"publish","type":"post","link":"https:\/\/radiofenix.com.ar\/2023\/en-el-pais-hay-dos-formas-de-ver-las-cosas-nosotros-creemos-en-un-estado-presente-2\/","title":{"rendered":"\u00abEn el pa\u00eds hay dos formas de ver las cosas. Nosotros creemos en un Estado presente\u00bb"},"content":{"rendered":"<p>El Presidente encabez\u00f3 el acto de\u00a0ampliaci\u00f3n del M\u00f3dulo de Bioqu\u00edmica y Farmacia de la Universidad Nacional de Misiones, en la ciudad de Posadas, que requiri\u00f3 una inversi\u00f3n de 131 millones de pesos y beneficiar\u00e1 a 1.640 estudiantes.El Presidente encabez\u00f3 el acto de\u00a0ampliaci\u00f3n del M\u00f3dulo de Bioqu\u00edmica y Farmacia de la Universidad Nacional de Misiones, en la ciudad de Posadas, que requiri\u00f3 una inversi\u00f3n de 131 millones de pesos y beneficiar\u00e1 a 1.640 estudiantes.<\/p>\n","protected":false},"excerpt":{"rendered":"<p>El Presidente encabez\u00f3 el acto de\u00a0ampliaci\u00f3n del M\u00f3dulo de Bioqu\u00edmica y Farmacia de la Universidad&#8230;<\/p>\n","protected":false},"author":2,"featured_media":163713,"comment_status":"open","ping_status":"open","sticky":false,"template":"","format":"standard","meta":{"footnotes":""},"categories":[2],"tags":[],"class_list":["post-163712","post","type-post","status-publish","format-standard","has-post-thumbnail","hentry","category-politica"],"featured_image_urls":{"full":"","thumbnail":"","medium":"","medium_large":"","large":"","1536x1536":"","2048x2048":"","newsium-slider-full":"","newsium-featured":"","newsium-medium":""},"author_info":{"info":["c1500921"]},"category_info":"<a href=\"https:\/\/radiofenix.com.ar\/2023\/category\/politica\/\" rel=\"category tag\">Pol\u00edtica<\/a>","tag_info":"Pol\u00edtica","comment_count":"0","_links":{"self":[{"href":"https:\/\/radiofenix.com.ar\/2023\/wp-json\/wp\/v2\/posts\/163712","targetHints":{"allow":["GET"]}}],"collection":[{"href":"https:\/\/radiofenix.com.ar\/2023\/wp-json\/wp\/v2\/posts"}],"about":[{"href":"https:\/\/radiofenix.com.ar\/2023\/wp-json\/wp\/v2\/types\/post"}],"author":[{"embeddable":true,"href":"https:\/\/radiofenix.com.ar\/2023\/wp-json\/wp\/v2\/users\/2"}],"replies":[{"embeddable":true,"href":"https:\/\/radiofenix.com.ar\/2023\/wp-json\/wp\/v2\/comments?post=163712"}],"version-history":[{"count":0,"href":"https:\/\/radiofenix.com.ar\/2023\/wp-json\/wp\/v2\/posts\/163712\/revisions"}],"wp:featuredmedia":[{"embeddable":true,"href":"https:\/\/radiofenix.com.ar\/2023\/wp-json\/"}],"wp:attachment":[{"href":"https:\/\/radiofenix.com.ar\/2023\/wp-json\/wp\/v2\/media?parent=163712"}],"wp:term":[{"taxonomy":"category","embeddable":true,"href":"https:\/\/radiofenix.com.ar\/2023\/wp-json\/wp\/v2\/categories?post=163712"},{"taxonomy":"post_tag","embeddable":true,"href":"https:\/\/radiofenix.com.ar\/2023\/wp-json\/wp\/v2\/tags?post=163712"}],"curies":[{"name":"wp","href":"https:\/\/api.w.org\/{rel}","templated":true}]}}