{"id":163714,"date":"2023-02-17T19:06:13","date_gmt":"2023-02-17T19:06:13","guid":{"rendered":"http:\/\/radiofenix.com.ar\/intendentes-bonaerenses-destacaron-el-proceso-de-unidad-del-fdt\/"},"modified":"2023-02-17T19:06:13","modified_gmt":"2023-02-17T19:06:13","slug":"intendentes-bonaerenses-destacaron-el-proceso-de-unidad-del-fdt","status":"publish","type":"post","link":"https:\/\/radiofenix.com.ar\/2023\/intendentes-bonaerenses-destacaron-el-proceso-de-unidad-del-fdt\/","title":{"rendered":"Intendentes bonaerenses destacaron el proceso de unidad del FdT"},"content":{"rendered":"<p>Fabian Cagliardi, Hern\u00e1n Ralinqueo y Leonardo Nardini coincidieron en la importancia del primer encuentro de la mesa pol\u00edtica que convoc\u00f3 el presidente Alberto Fern\u00e1ndez. La \u00abproscripci\u00f3n\u00bb de Cristina Fern\u00e1ndez de Kirchner y su posible candidatura.Fabian Cagliardi, Hern\u00e1n Ralinqueo y Leonardo Nardini coincidieron en la importancia del primer encuentro de la mesa pol\u00edtica que convoc\u00f3 el presidente Alberto Fern\u00e1ndez. La \u00abproscripci\u00f3n\u00bb de Cristina Fern\u00e1ndez de Kirchner y su posible candidatura.<\/p>\n","protected":false},"excerpt":{"rendered":"<p>Fabian Cagliardi, Hern\u00e1n Ralinqueo y Leonardo Nardini coincidieron en la importancia del primer encuentro de&#8230;<\/p>\n","protected":false},"author":2,"featured_media":163715,"comment_status":"open","ping_status":"open","sticky":false,"template":"","format":"standard","meta":{"footnotes":""},"categories":[2],"tags":[],"class_list":["post-163714","post","type-post","status-publish","format-standard","has-post-thumbnail","hentry","category-politica"],"featured_image_urls":{"full":"","thumbnail":"","medium":"","medium_large":"","large":"","1536x1536":"","2048x2048":"","newsium-slider-full":"","newsium-featured":"","newsium-medium":""},"author_info":{"info":["c1500921"]},"category_info":"<a href=\"https:\/\/radiofenix.com.ar\/2023\/category\/politica\/\" rel=\"category tag\">Pol\u00edtica<\/a>","tag_info":"Pol\u00edtica","comment_count":"0","_links":{"self":[{"href":"https:\/\/radiofenix.com.ar\/2023\/wp-json\/wp\/v2\/posts\/163714","targetHints":{"allow":["GET"]}}],"collection":[{"href":"https:\/\/radiofenix.com.ar\/2023\/wp-json\/wp\/v2\/posts"}],"about":[{"href":"https:\/\/radiofenix.com.ar\/2023\/wp-json\/wp\/v2\/types\/post"}],"author":[{"embeddable":true,"href":"https:\/\/radiofenix.com.ar\/2023\/wp-json\/wp\/v2\/users\/2"}],"replies":[{"embeddable":true,"href":"https:\/\/radiofenix.com.ar\/2023\/wp-json\/wp\/v2\/comments?post=163714"}],"version-history":[{"count":0,"href":"https:\/\/radiofenix.com.ar\/2023\/wp-json\/wp\/v2\/posts\/163714\/revisions"}],"wp:featuredmedia":[{"embeddable":true,"href":"https:\/\/radiofenix.com.ar\/2023\/wp-json\/"}],"wp:attachment":[{"href":"https:\/\/radiofenix.com.ar\/2023\/wp-json\/wp\/v2\/media?parent=163714"}],"wp:term":[{"taxonomy":"category","embeddable":true,"href":"https:\/\/radiofenix.com.ar\/2023\/wp-json\/wp\/v2\/categories?post=163714"},{"taxonomy":"post_tag","embeddable":true,"href":"https:\/\/radiofenix.com.ar\/2023\/wp-json\/wp\/v2\/tags?post=163714"}],"curies":[{"name":"wp","href":"https:\/\/api.w.org\/{rel}","templated":true}]}}