{"id":163716,"date":"2023-02-17T18:57:00","date_gmt":"2023-02-17T18:57:00","guid":{"rendered":"http:\/\/radiofenix.com.ar\/el-fondo-de-garantia-de-sustentabilidad-de-la-anses-aumento-62\/"},"modified":"2023-02-17T18:57:00","modified_gmt":"2023-02-17T18:57:00","slug":"el-fondo-de-garantia-de-sustentabilidad-de-la-anses-aumento-62","status":"publish","type":"post","link":"https:\/\/radiofenix.com.ar\/2023\/el-fondo-de-garantia-de-sustentabilidad-de-la-anses-aumento-62\/","title":{"rendered":"El Fondo de Garant\u00eda de Sustentabilidad de la Anses aument\u00f3 62%"},"content":{"rendered":"<p>Tras haber ca\u00eddo casi el 50% durante la gesti\u00f3n\u00a0presidencial de Mauricio Macri a\u00a0US$ 34.831 millones, desde fines de 2019 su valuaci\u00f3n aument\u00f3 hasta alcanzar en enero los\u00a0US$ 56.434 millones.<\/p>\n","protected":false},"excerpt":{"rendered":"<p>Tras haber ca\u00eddo casi el 50% durante la gesti\u00f3n\u00a0presidencial de Mauricio Macri a\u00a0US$ 34.831 millones,&#8230;<\/p>\n","protected":false},"author":2,"featured_media":163717,"comment_status":"open","ping_status":"open","sticky":false,"template":"","format":"standard","meta":{"footnotes":""},"categories":[5],"tags":[],"class_list":["post-163716","post","type-post","status-publish","format-standard","has-post-thumbnail","hentry","category-economia"],"featured_image_urls":{"full":"","thumbnail":"","medium":"","medium_large":"","large":"","1536x1536":"","2048x2048":"","newsium-slider-full":"","newsium-featured":"","newsium-medium":""},"author_info":{"info":["c1500921"]},"category_info":"<a href=\"https:\/\/radiofenix.com.ar\/2023\/category\/economia\/\" rel=\"category tag\">Economia<\/a>","tag_info":"Economia","comment_count":"0","_links":{"self":[{"href":"https:\/\/radiofenix.com.ar\/2023\/wp-json\/wp\/v2\/posts\/163716","targetHints":{"allow":["GET"]}}],"collection":[{"href":"https:\/\/radiofenix.com.ar\/2023\/wp-json\/wp\/v2\/posts"}],"about":[{"href":"https:\/\/radiofenix.com.ar\/2023\/wp-json\/wp\/v2\/types\/post"}],"author":[{"embeddable":true,"href":"https:\/\/radiofenix.com.ar\/2023\/wp-json\/wp\/v2\/users\/2"}],"replies":[{"embeddable":true,"href":"https:\/\/radiofenix.com.ar\/2023\/wp-json\/wp\/v2\/comments?post=163716"}],"version-history":[{"count":0,"href":"https:\/\/radiofenix.com.ar\/2023\/wp-json\/wp\/v2\/posts\/163716\/revisions"}],"wp:featuredmedia":[{"embeddable":true,"href":"https:\/\/radiofenix.com.ar\/2023\/wp-json\/"}],"wp:attachment":[{"href":"https:\/\/radiofenix.com.ar\/2023\/wp-json\/wp\/v2\/media?parent=163716"}],"wp:term":[{"taxonomy":"category","embeddable":true,"href":"https:\/\/radiofenix.com.ar\/2023\/wp-json\/wp\/v2\/categories?post=163716"},{"taxonomy":"post_tag","embeddable":true,"href":"https:\/\/radiofenix.com.ar\/2023\/wp-json\/wp\/v2\/tags?post=163716"}],"curies":[{"name":"wp","href":"https:\/\/api.w.org\/{rel}","templated":true}]}}