{"id":163726,"date":"2023-02-17T20:48:00","date_gmt":"2023-02-17T20:48:00","guid":{"rendered":"http:\/\/radiofenix.com.ar\/exportaciones-argentina-sumo-casi-una-docena-de-nuevos-mercados-en-los-ultimos-meses\/"},"modified":"2023-02-17T20:48:00","modified_gmt":"2023-02-17T20:48:00","slug":"exportaciones-argentina-sumo-casi-una-docena-de-nuevos-mercados-en-los-ultimos-meses","status":"publish","type":"post","link":"https:\/\/radiofenix.com.ar\/2023\/exportaciones-argentina-sumo-casi-una-docena-de-nuevos-mercados-en-los-ultimos-meses\/","title":{"rendered":"Exportaciones: Argentina sum\u00f3 casi una docena de nuevos mercados en los \u00faltimos meses"},"content":{"rendered":"<p>Jorge Neme y Juan Jos\u00e9 Bahillo destacaron las medidas impulsadas desde el Ministerio de Econom\u00eda para llevar la producci\u00f3n nacional a mercados estrat\u00e9gicos de todo el mundo. Su impacto en la generaci\u00f3n de empleo y divisas.<\/p>\n","protected":false},"excerpt":{"rendered":"<p>Jorge Neme y Juan Jos\u00e9 Bahillo destacaron las medidas impulsadas desde el Ministerio de Econom\u00eda&#8230;<\/p>\n","protected":false},"author":2,"featured_media":163727,"comment_status":"open","ping_status":"open","sticky":false,"template":"","format":"standard","meta":{"footnotes":""},"categories":[5],"tags":[],"class_list":["post-163726","post","type-post","status-publish","format-standard","has-post-thumbnail","hentry","category-economia"],"featured_image_urls":{"full":"","thumbnail":"","medium":"","medium_large":"","large":"","1536x1536":"","2048x2048":"","newsium-slider-full":"","newsium-featured":"","newsium-medium":""},"author_info":{"info":["c1500921"]},"category_info":"<a href=\"https:\/\/radiofenix.com.ar\/2023\/category\/economia\/\" rel=\"category tag\">Economia<\/a>","tag_info":"Economia","comment_count":"0","_links":{"self":[{"href":"https:\/\/radiofenix.com.ar\/2023\/wp-json\/wp\/v2\/posts\/163726","targetHints":{"allow":["GET"]}}],"collection":[{"href":"https:\/\/radiofenix.com.ar\/2023\/wp-json\/wp\/v2\/posts"}],"about":[{"href":"https:\/\/radiofenix.com.ar\/2023\/wp-json\/wp\/v2\/types\/post"}],"author":[{"embeddable":true,"href":"https:\/\/radiofenix.com.ar\/2023\/wp-json\/wp\/v2\/users\/2"}],"replies":[{"embeddable":true,"href":"https:\/\/radiofenix.com.ar\/2023\/wp-json\/wp\/v2\/comments?post=163726"}],"version-history":[{"count":0,"href":"https:\/\/radiofenix.com.ar\/2023\/wp-json\/wp\/v2\/posts\/163726\/revisions"}],"wp:featuredmedia":[{"embeddable":true,"href":"https:\/\/radiofenix.com.ar\/2023\/wp-json\/"}],"wp:attachment":[{"href":"https:\/\/radiofenix.com.ar\/2023\/wp-json\/wp\/v2\/media?parent=163726"}],"wp:term":[{"taxonomy":"category","embeddable":true,"href":"https:\/\/radiofenix.com.ar\/2023\/wp-json\/wp\/v2\/categories?post=163726"},{"taxonomy":"post_tag","embeddable":true,"href":"https:\/\/radiofenix.com.ar\/2023\/wp-json\/wp\/v2\/tags?post=163726"}],"curies":[{"name":"wp","href":"https:\/\/api.w.org\/{rel}","templated":true}]}}