{"id":163788,"date":"2023-02-18T12:05:49","date_gmt":"2023-02-18T12:05:49","guid":{"rendered":"http:\/\/radiofenix.com.ar\/el-presidente-celebro-su-encuentro-con-carlotto-y-arslanian\/"},"modified":"2023-02-18T12:05:49","modified_gmt":"2023-02-18T12:05:49","slug":"el-presidente-celebro-su-encuentro-con-carlotto-y-arslanian","status":"publish","type":"post","link":"https:\/\/radiofenix.com.ar\/2023\/el-presidente-celebro-su-encuentro-con-carlotto-y-arslanian\/","title":{"rendered":"El Presidente celebr\u00f3 su encuentro con Carlotto y Arslani\u00e1n"},"content":{"rendered":"<p>\u00abEn la asunci\u00f3n de Agust\u00edn Rossi como jefe de Gabinete me reencontr\u00e9 con dos personas emblem\u00e1ticas que tuvieron que ver con un momento que fue un punto de inflexi\u00f3n en nuestra historia\u00bb, afirm\u00f3 en Twitter.\u00bbEn la asunci\u00f3n de Agust\u00edn Rossi como jefe de Gabinete me reencontr\u00e9 con dos personas emblem\u00e1ticas que tuvieron que ver con un momento que fue un punto de inflexi\u00f3n en nuestra historia\u00bb, afirm\u00f3 en Twitter.<\/p>\n","protected":false},"excerpt":{"rendered":"<p>\u00abEn la asunci\u00f3n de Agust\u00edn Rossi como jefe de Gabinete me reencontr\u00e9 con dos personas&#8230;<\/p>\n","protected":false},"author":2,"featured_media":163789,"comment_status":"open","ping_status":"open","sticky":false,"template":"","format":"standard","meta":{"footnotes":""},"categories":[2],"tags":[],"class_list":["post-163788","post","type-post","status-publish","format-standard","has-post-thumbnail","hentry","category-politica"],"featured_image_urls":{"full":"","thumbnail":"","medium":"","medium_large":"","large":"","1536x1536":"","2048x2048":"","newsium-slider-full":"","newsium-featured":"","newsium-medium":""},"author_info":{"info":["c1500921"]},"category_info":"<a href=\"https:\/\/radiofenix.com.ar\/2023\/category\/politica\/\" rel=\"category tag\">Pol\u00edtica<\/a>","tag_info":"Pol\u00edtica","comment_count":"0","_links":{"self":[{"href":"https:\/\/radiofenix.com.ar\/2023\/wp-json\/wp\/v2\/posts\/163788","targetHints":{"allow":["GET"]}}],"collection":[{"href":"https:\/\/radiofenix.com.ar\/2023\/wp-json\/wp\/v2\/posts"}],"about":[{"href":"https:\/\/radiofenix.com.ar\/2023\/wp-json\/wp\/v2\/types\/post"}],"author":[{"embeddable":true,"href":"https:\/\/radiofenix.com.ar\/2023\/wp-json\/wp\/v2\/users\/2"}],"replies":[{"embeddable":true,"href":"https:\/\/radiofenix.com.ar\/2023\/wp-json\/wp\/v2\/comments?post=163788"}],"version-history":[{"count":0,"href":"https:\/\/radiofenix.com.ar\/2023\/wp-json\/wp\/v2\/posts\/163788\/revisions"}],"wp:featuredmedia":[{"embeddable":true,"href":"https:\/\/radiofenix.com.ar\/2023\/wp-json\/"}],"wp:attachment":[{"href":"https:\/\/radiofenix.com.ar\/2023\/wp-json\/wp\/v2\/media?parent=163788"}],"wp:term":[{"taxonomy":"category","embeddable":true,"href":"https:\/\/radiofenix.com.ar\/2023\/wp-json\/wp\/v2\/categories?post=163788"},{"taxonomy":"post_tag","embeddable":true,"href":"https:\/\/radiofenix.com.ar\/2023\/wp-json\/wp\/v2\/tags?post=163788"}],"curies":[{"name":"wp","href":"https:\/\/api.w.org\/{rel}","templated":true}]}}