{"id":163796,"date":"2023-02-18T13:06:01","date_gmt":"2023-02-18T13:06:01","guid":{"rendered":"http:\/\/radiofenix.com.ar\/la-confesion-de-menotti-sobre-messi-y-el-detalle-sobre-el-cuerpo-tecnico-de-la-scaloneta\/"},"modified":"2023-02-18T13:06:01","modified_gmt":"2023-02-18T13:06:01","slug":"la-confesion-de-menotti-sobre-messi-y-el-detalle-sobre-el-cuerpo-tecnico-de-la-scaloneta","status":"publish","type":"post","link":"https:\/\/radiofenix.com.ar\/2023\/la-confesion-de-menotti-sobre-messi-y-el-detalle-sobre-el-cuerpo-tecnico-de-la-scaloneta\/","title":{"rendered":"La confesi\u00f3n de Menotti sobre Messi y el detalle sobre el cuerpo t\u00e9cnico de la \u00abScaloneta\u00bb"},"content":{"rendered":"<p>El Director General de Selecciones Nacionales adem\u00e1s analiz\u00f3 a los mejores de la historia del f\u00fatbol mundial, cont\u00f3 c\u00f3mo fue la idea de contar con el predio de AFA en Ezeiza y se refiri\u00f3 a las muertes de Diego Maradona y Pel\u00e9.<\/p>\n","protected":false},"excerpt":{"rendered":"<p>El Director General de Selecciones Nacionales adem\u00e1s analiz\u00f3 a los mejores de la historia del&#8230;<\/p>\n","protected":false},"author":2,"featured_media":163797,"comment_status":"open","ping_status":"open","sticky":false,"template":"","format":"standard","meta":{"footnotes":""},"categories":[3],"tags":[],"class_list":["post-163796","post","type-post","status-publish","format-standard","has-post-thumbnail","hentry","category-deportes"],"featured_image_urls":{"full":"","thumbnail":"","medium":"","medium_large":"","large":"","1536x1536":"","2048x2048":"","newsium-slider-full":"","newsium-featured":"","newsium-medium":""},"author_info":{"info":["c1500921"]},"category_info":"<a href=\"https:\/\/radiofenix.com.ar\/2023\/category\/deportes\/\" rel=\"category tag\">Deportes<\/a>","tag_info":"Deportes","comment_count":"0","_links":{"self":[{"href":"https:\/\/radiofenix.com.ar\/2023\/wp-json\/wp\/v2\/posts\/163796","targetHints":{"allow":["GET"]}}],"collection":[{"href":"https:\/\/radiofenix.com.ar\/2023\/wp-json\/wp\/v2\/posts"}],"about":[{"href":"https:\/\/radiofenix.com.ar\/2023\/wp-json\/wp\/v2\/types\/post"}],"author":[{"embeddable":true,"href":"https:\/\/radiofenix.com.ar\/2023\/wp-json\/wp\/v2\/users\/2"}],"replies":[{"embeddable":true,"href":"https:\/\/radiofenix.com.ar\/2023\/wp-json\/wp\/v2\/comments?post=163796"}],"version-history":[{"count":0,"href":"https:\/\/radiofenix.com.ar\/2023\/wp-json\/wp\/v2\/posts\/163796\/revisions"}],"wp:featuredmedia":[{"embeddable":true,"href":"https:\/\/radiofenix.com.ar\/2023\/wp-json\/"}],"wp:attachment":[{"href":"https:\/\/radiofenix.com.ar\/2023\/wp-json\/wp\/v2\/media?parent=163796"}],"wp:term":[{"taxonomy":"category","embeddable":true,"href":"https:\/\/radiofenix.com.ar\/2023\/wp-json\/wp\/v2\/categories?post=163796"},{"taxonomy":"post_tag","embeddable":true,"href":"https:\/\/radiofenix.com.ar\/2023\/wp-json\/wp\/v2\/tags?post=163796"}],"curies":[{"name":"wp","href":"https:\/\/api.w.org\/{rel}","templated":true}]}}