{"id":163800,"date":"2023-02-18T14:06:27","date_gmt":"2023-02-18T14:06:27","guid":{"rendered":"http:\/\/radiofenix.com.ar\/lesa-humanidad-continuan-las-declaraciones-testimoniales-en-la-causa-la-huerta\/"},"modified":"2023-02-18T14:06:27","modified_gmt":"2023-02-18T14:06:27","slug":"lesa-humanidad-continuan-las-declaraciones-testimoniales-en-la-causa-la-huerta","status":"publish","type":"post","link":"https:\/\/radiofenix.com.ar\/2023\/lesa-humanidad-continuan-las-declaraciones-testimoniales-en-la-causa-la-huerta\/","title":{"rendered":"Lesa Humanidad: contin\u00faan las declaraciones testimoniales en la causa \u00abLa Huerta\u00bb"},"content":{"rendered":"<p>El Tribunal Oral Federal de Mar del Plata juzga a 24 represores uniformados y dos civiles acusados de delitos de lesa humanidad cometidos en Tandil y Azulo, en perjuicio de 118 v\u00edctimas. Tambi\u00e9n habr\u00e1 actividad en causas que se desarrollan en los tribunales federales de La Plata, Mendoza, San Juan, Bah\u00eda Blanca y San Mart\u00edn\u00a0El Tribunal Oral Federal de Mar del Plata juzga a 24 represores uniformados y dos civiles acusados de delitos de lesa humanidad cometidos en Tandil y Azulo, en perjuicio de 118 v\u00edctimas. Tambi\u00e9n habr\u00e1 actividad en causas que se desarrollan en los tribunales federales de La Plata, Mendoza, San Juan, Bah\u00eda Blanca y San Mart\u00edn\u00a0<\/p>\n","protected":false},"excerpt":{"rendered":"<p>El Tribunal Oral Federal de Mar del Plata juzga a 24 represores uniformados y dos&#8230;<\/p>\n","protected":false},"author":2,"featured_media":163801,"comment_status":"open","ping_status":"open","sticky":false,"template":"","format":"standard","meta":{"footnotes":""},"categories":[2],"tags":[],"class_list":["post-163800","post","type-post","status-publish","format-standard","has-post-thumbnail","hentry","category-politica"],"featured_image_urls":{"full":"","thumbnail":"","medium":"","medium_large":"","large":"","1536x1536":"","2048x2048":"","newsium-slider-full":"","newsium-featured":"","newsium-medium":""},"author_info":{"info":["c1500921"]},"category_info":"<a href=\"https:\/\/radiofenix.com.ar\/2023\/category\/politica\/\" rel=\"category tag\">Pol\u00edtica<\/a>","tag_info":"Pol\u00edtica","comment_count":"0","_links":{"self":[{"href":"https:\/\/radiofenix.com.ar\/2023\/wp-json\/wp\/v2\/posts\/163800","targetHints":{"allow":["GET"]}}],"collection":[{"href":"https:\/\/radiofenix.com.ar\/2023\/wp-json\/wp\/v2\/posts"}],"about":[{"href":"https:\/\/radiofenix.com.ar\/2023\/wp-json\/wp\/v2\/types\/post"}],"author":[{"embeddable":true,"href":"https:\/\/radiofenix.com.ar\/2023\/wp-json\/wp\/v2\/users\/2"}],"replies":[{"embeddable":true,"href":"https:\/\/radiofenix.com.ar\/2023\/wp-json\/wp\/v2\/comments?post=163800"}],"version-history":[{"count":0,"href":"https:\/\/radiofenix.com.ar\/2023\/wp-json\/wp\/v2\/posts\/163800\/revisions"}],"wp:featuredmedia":[{"embeddable":true,"href":"https:\/\/radiofenix.com.ar\/2023\/wp-json\/"}],"wp:attachment":[{"href":"https:\/\/radiofenix.com.ar\/2023\/wp-json\/wp\/v2\/media?parent=163800"}],"wp:term":[{"taxonomy":"category","embeddable":true,"href":"https:\/\/radiofenix.com.ar\/2023\/wp-json\/wp\/v2\/categories?post=163800"},{"taxonomy":"post_tag","embeddable":true,"href":"https:\/\/radiofenix.com.ar\/2023\/wp-json\/wp\/v2\/tags?post=163800"}],"curies":[{"name":"wp","href":"https:\/\/api.w.org\/{rel}","templated":true}]}}