{"id":163808,"date":"2023-02-18T16:07:33","date_gmt":"2023-02-18T16:07:33","guid":{"rendered":"http:\/\/radiofenix.com.ar\/mazzina-respondio-los-dichos-de-pichetto-soy-mujer-lesbiana-feminista-y-ministra\/"},"modified":"2023-02-18T16:07:33","modified_gmt":"2023-02-18T16:07:33","slug":"mazzina-respondio-los-dichos-de-pichetto-soy-mujer-lesbiana-feminista-y-ministra","status":"publish","type":"post","link":"https:\/\/radiofenix.com.ar\/2023\/mazzina-respondio-los-dichos-de-pichetto-soy-mujer-lesbiana-feminista-y-ministra\/","title":{"rendered":"Mazzina respondi\u00f3 los dichos de Pichetto: \u00abSoy mujer, lesbiana, feminista y ministra\u00bb"},"content":{"rendered":"<p>La titular de la cartera de Mujeres, G\u00e9neros y Diversidad se refiri\u00f3 a los ataques del referente de Juntos por el Cambio y\u00a0auditor general de la Naci\u00f3n. \u00abLo invito a Pichetto a hablar de ESI cuando se sienta preparado\u00bb, public\u00f3 en Twitter.La titular de la cartera de Mujeres, G\u00e9neros y Diversidad se refiri\u00f3 a los ataques del referente de Juntos por el Cambio y\u00a0auditor general de la Naci\u00f3n. \u00abLo invito a Pichetto a hablar de ESI cuando se sienta preparado\u00bb, public\u00f3 en Twitter.<\/p>\n","protected":false},"excerpt":{"rendered":"<p>La titular de la cartera de Mujeres, G\u00e9neros y Diversidad se refiri\u00f3 a los ataques&#8230;<\/p>\n","protected":false},"author":2,"featured_media":163809,"comment_status":"open","ping_status":"open","sticky":false,"template":"","format":"standard","meta":{"footnotes":""},"categories":[2],"tags":[],"class_list":["post-163808","post","type-post","status-publish","format-standard","has-post-thumbnail","hentry","category-politica"],"featured_image_urls":{"full":"","thumbnail":"","medium":"","medium_large":"","large":"","1536x1536":"","2048x2048":"","newsium-slider-full":"","newsium-featured":"","newsium-medium":""},"author_info":{"info":["c1500921"]},"category_info":"<a href=\"https:\/\/radiofenix.com.ar\/2023\/category\/politica\/\" rel=\"category tag\">Pol\u00edtica<\/a>","tag_info":"Pol\u00edtica","comment_count":"0","_links":{"self":[{"href":"https:\/\/radiofenix.com.ar\/2023\/wp-json\/wp\/v2\/posts\/163808","targetHints":{"allow":["GET"]}}],"collection":[{"href":"https:\/\/radiofenix.com.ar\/2023\/wp-json\/wp\/v2\/posts"}],"about":[{"href":"https:\/\/radiofenix.com.ar\/2023\/wp-json\/wp\/v2\/types\/post"}],"author":[{"embeddable":true,"href":"https:\/\/radiofenix.com.ar\/2023\/wp-json\/wp\/v2\/users\/2"}],"replies":[{"embeddable":true,"href":"https:\/\/radiofenix.com.ar\/2023\/wp-json\/wp\/v2\/comments?post=163808"}],"version-history":[{"count":0,"href":"https:\/\/radiofenix.com.ar\/2023\/wp-json\/wp\/v2\/posts\/163808\/revisions"}],"wp:featuredmedia":[{"embeddable":true,"href":"https:\/\/radiofenix.com.ar\/2023\/wp-json\/"}],"wp:attachment":[{"href":"https:\/\/radiofenix.com.ar\/2023\/wp-json\/wp\/v2\/media?parent=163808"}],"wp:term":[{"taxonomy":"category","embeddable":true,"href":"https:\/\/radiofenix.com.ar\/2023\/wp-json\/wp\/v2\/categories?post=163808"},{"taxonomy":"post_tag","embeddable":true,"href":"https:\/\/radiofenix.com.ar\/2023\/wp-json\/wp\/v2\/tags?post=163808"}],"curies":[{"name":"wp","href":"https:\/\/api.w.org\/{rel}","templated":true}]}}