{"id":163810,"date":"2023-02-18T15:33:00","date_gmt":"2023-02-18T15:33:00","guid":{"rendered":"http:\/\/radiofenix.com.ar\/sector-vitivinicola-confian-que-la-asistencia-le-permita-afrontar-las-perdidas\/"},"modified":"2023-02-18T15:33:00","modified_gmt":"2023-02-18T15:33:00","slug":"sector-vitivinicola-confian-que-la-asistencia-le-permita-afrontar-las-perdidas","status":"publish","type":"post","link":"https:\/\/radiofenix.com.ar\/2023\/sector-vitivinicola-confian-que-la-asistencia-le-permita-afrontar-las-perdidas\/","title":{"rendered":"Sector vitivin\u00edcola: conf\u00edan que la asistencia le permita afrontar las p\u00e9rdidas"},"content":{"rendered":"<p>\u00abSomos muy optimistas y creemos que va a ser bueno el a\u00f1o siguiente\u00bb, expres\u00f3 Mario Gonz\u00e1lez. En di\u00e1logo con T\u00e9lam, el presidente electo de la Corporaci\u00f3n Vitivin\u00edcola Argentina se refiri\u00f3 a los diferentes problemas que afronta el sector a ra\u00edz de las heladas y el granizo.<\/p>\n","protected":false},"excerpt":{"rendered":"<p>\u00abSomos muy optimistas y creemos que va a ser bueno el a\u00f1o siguiente\u00bb, expres\u00f3 Mario&#8230;<\/p>\n","protected":false},"author":2,"featured_media":163811,"comment_status":"open","ping_status":"open","sticky":false,"template":"","format":"standard","meta":{"footnotes":""},"categories":[5],"tags":[],"class_list":["post-163810","post","type-post","status-publish","format-standard","has-post-thumbnail","hentry","category-economia"],"featured_image_urls":{"full":"","thumbnail":"","medium":"","medium_large":"","large":"","1536x1536":"","2048x2048":"","newsium-slider-full":"","newsium-featured":"","newsium-medium":""},"author_info":{"info":["c1500921"]},"category_info":"<a href=\"https:\/\/radiofenix.com.ar\/2023\/category\/economia\/\" rel=\"category tag\">Economia<\/a>","tag_info":"Economia","comment_count":"0","_links":{"self":[{"href":"https:\/\/radiofenix.com.ar\/2023\/wp-json\/wp\/v2\/posts\/163810","targetHints":{"allow":["GET"]}}],"collection":[{"href":"https:\/\/radiofenix.com.ar\/2023\/wp-json\/wp\/v2\/posts"}],"about":[{"href":"https:\/\/radiofenix.com.ar\/2023\/wp-json\/wp\/v2\/types\/post"}],"author":[{"embeddable":true,"href":"https:\/\/radiofenix.com.ar\/2023\/wp-json\/wp\/v2\/users\/2"}],"replies":[{"embeddable":true,"href":"https:\/\/radiofenix.com.ar\/2023\/wp-json\/wp\/v2\/comments?post=163810"}],"version-history":[{"count":0,"href":"https:\/\/radiofenix.com.ar\/2023\/wp-json\/wp\/v2\/posts\/163810\/revisions"}],"wp:featuredmedia":[{"embeddable":true,"href":"https:\/\/radiofenix.com.ar\/2023\/wp-json\/"}],"wp:attachment":[{"href":"https:\/\/radiofenix.com.ar\/2023\/wp-json\/wp\/v2\/media?parent=163810"}],"wp:term":[{"taxonomy":"category","embeddable":true,"href":"https:\/\/radiofenix.com.ar\/2023\/wp-json\/wp\/v2\/categories?post=163810"},{"taxonomy":"post_tag","embeddable":true,"href":"https:\/\/radiofenix.com.ar\/2023\/wp-json\/wp\/v2\/tags?post=163810"}],"curies":[{"name":"wp","href":"https:\/\/api.w.org\/{rel}","templated":true}]}}